{"id":8015,"date":"2025-12-29T23:44:44","date_gmt":"2025-12-30T05:44:44","guid":{"rendered":"https:\/\/elmilagro.org.mx\/st\/?p=8015"},"modified":"2026-03-13T21:01:12","modified_gmt":"2026-03-14T03:01:12","slug":"unx-no-sabe-con-certeza-cual-es-la-brizna-que-rompe-la-espalda-de-un-camello%ef%bf%bc%ef%bf%bc","status":"publish","type":"post","link":"https:\/\/elmilagro.org.mx\/st\/unx-no-sabe-con-certeza-cual-es-la-brizna-que-rompe-la-espalda-de-un-camello%ef%bf%bc%ef%bf%bc\/","title":{"rendered":"Unx no sabe con certeza cu\u00e1l es la brizna que rompe la espalda de un camello\ufffc\ufffc"},"content":{"rendered":"\n<figure class=\"wp-block-gallery has-nested-images columns-default is-cropped\">\n<figure class=\"wp-block-image size-large\"><img loading=\"lazy\" width=\"1024\" height=\"1024\" data-id=\"8016\"  src=\"https:\/\/elmilagro.org.mx\/st\/wp-content\/uploads\/2025\/12\/banner-1-1024x1024.png\" alt=\"\" class=\"wp-image-8016\" srcset=\"https:\/\/elmilagro.org.mx\/st\/wp-content\/uploads\/2025\/12\/banner-1-1024x1024.png 1024w, https:\/\/elmilagro.org.mx\/st\/wp-content\/uploads\/2025\/12\/banner-1-300x300.png 300w, https:\/\/elmilagro.org.mx\/st\/wp-content\/uploads\/2025\/12\/banner-1-150x150.png 150w, https:\/\/elmilagro.org.mx\/st\/wp-content\/uploads\/2025\/12\/banner-1-1536x1536.png 1536w, https:\/\/elmilagro.org.mx\/st\/wp-content\/uploads\/2025\/12\/banner-1-2048x2048.png 2048w, https:\/\/elmilagro.org.mx\/st\/wp-content\/uploads\/2025\/12\/banner-1-266x266.png 266w\" sizes=\"(max-width: 1024px) 100vw, 1024px\" \/><\/figure>\n<\/figure>\n\n\n\n<div style=\"height:100px\" aria-hidden=\"true\" class=\"wp-block-spacer\"><\/div>\n\n\n<h1 style=\"text-align: center;\">UNX NO SABE CON CERTEZA CU\u00c1L ES LA BRIZNA QUE ROMPE LA ESPALDA DE UN CAMELLO<\/h1>\n<p style=\"text-align: center;\">DIRECCI\u00d3N: MARIANA GARC\u00cdA FRANCO<br \/>PERFORMER: VERA RIVAS<\/p>\n<p style=\"text-align: center;\">DISE\u00d1O MULTIMEDIA: VERA RIVAS Y C\u00c9SAR REN\u00c9 P\u00c9REZ<br \/>OPERACI\u00d3N EN VIVO: C\u00c9SAR REN\u00c9 P\u00c9REZ<\/p>\n<p style=\"text-align: center;\">DISE\u00d1O DEL ESPACIO ESC\u00c9NICO E ILUMINACI\u00d3N: SARA ALCANTAR<\/p>\n<p style=\"text-align: center;\">DISE\u00d1O CORPORAL: KARLA ROSALES<\/p>\n<p style=\"text-align: center;\">SISTEMA INTERACTIVO: HIPERCUBOLAB (AID\u00c9 ASPICIT Y MICHEL SOTO)<br \/>PRODUCCI\u00d3N EJECUTIVA: RODOLFO RODR\u00cdGUEZ Y VERA RIVAS<br \/>ASISTENCIA DE DIRECCI\u00d3N: SOF\u00cdA RAMOS<br \/>DISE\u00d1O DE IMAGEN: H\u00c9CTOR ORTEGA<br \/>VIDEO Y FOTOGRAF\u00cdA: ANA\u00cfS MONTFORT<br \/>ASESOR\u00cdA MULTIMEDIA: OLIVER WALTON<\/p>\n<p style=\"text-align: center;\">ASESOR\u00cdA EN INTELIGENCIA ARTIFICIAL GENERATIVA: MARLON BARRIOS SOLANO<\/p>\n<p style=\"text-align: center;\">un proyecto de Mariana Garcia Franco y Vera Rivas<\/p>\n<p style=\"text-align: center;\">UNA PRODUCCION DE COLECTVA OTRO SUELO, MIERDA BONITA PRODUCCIONES Y LCN ESCENA<\/p>\n\n\n<hr class=\"wp-block-separator\"\/>\n\n\n\n<figure class=\"wp-block-gallery has-nested-images columns-default is-cropped\">\n<figure class=\"wp-block-image size-large\"><img loading=\"lazy\" width=\"1024\" height=\"1024\" data-id=\"8020\"  src=\"https:\/\/elmilagro.org.mx\/st\/wp-content\/uploads\/2025\/12\/copia-de-funcion-136-1024x1024.jpg\" alt=\"\" class=\"wp-image-8020\" srcset=\"https:\/\/elmilagro.org.mx\/st\/wp-content\/uploads\/2025\/12\/copia-de-funcion-136-1024x1024.jpg 1024w, https:\/\/elmilagro.org.mx\/st\/wp-content\/uploads\/2025\/12\/copia-de-funcion-136-300x300.jpg 300w, https:\/\/elmilagro.org.mx\/st\/wp-content\/uploads\/2025\/12\/copia-de-funcion-136-150x150.jpg 150w, https:\/\/elmilagro.org.mx\/st\/wp-content\/uploads\/2025\/12\/copia-de-funcion-136-1536x1536.jpg 1536w, https:\/\/elmilagro.org.mx\/st\/wp-content\/uploads\/2025\/12\/copia-de-funcion-136-2048x2048.jpg 2048w\" sizes=\"(max-width: 1024px) 100vw, 1024px\" \/><\/figure>\n\n\n\n<figure class=\"wp-block-image size-large\"><img loading=\"lazy\" width=\"1024\" height=\"1024\" data-id=\"8018\"  src=\"https:\/\/elmilagro.org.mx\/st\/wp-content\/uploads\/2025\/12\/copia-de-funcion-118-1024x1024.jpg\" alt=\"\" class=\"wp-image-8018\" srcset=\"https:\/\/elmilagro.org.mx\/st\/wp-content\/uploads\/2025\/12\/copia-de-funcion-118-1024x1024.jpg 1024w, https:\/\/elmilagro.org.mx\/st\/wp-content\/uploads\/2025\/12\/copia-de-funcion-118-300x300.jpg 300w, https:\/\/elmilagro.org.mx\/st\/wp-content\/uploads\/2025\/12\/copia-de-funcion-118-150x150.jpg 150w, https:\/\/elmilagro.org.mx\/st\/wp-content\/uploads\/2025\/12\/copia-de-funcion-118-1536x1536.jpg 1536w, https:\/\/elmilagro.org.mx\/st\/wp-content\/uploads\/2025\/12\/copia-de-funcion-118-2048x2048.jpg 2048w\" sizes=\"(max-width: 1024px) 100vw, 1024px\" \/><\/figure>\n\n\n\n<figure class=\"wp-block-image size-large\"><img loading=\"lazy\" width=\"1024\" height=\"1024\" data-id=\"8021\"  src=\"https:\/\/elmilagro.org.mx\/st\/wp-content\/uploads\/2025\/12\/copia-de-funcion-102-1024x1024.jpg\" alt=\"\" class=\"wp-image-8021\" srcset=\"https:\/\/elmilagro.org.mx\/st\/wp-content\/uploads\/2025\/12\/copia-de-funcion-102-1024x1024.jpg 1024w, https:\/\/elmilagro.org.mx\/st\/wp-content\/uploads\/2025\/12\/copia-de-funcion-102-300x300.jpg 300w, https:\/\/elmilagro.org.mx\/st\/wp-content\/uploads\/2025\/12\/copia-de-funcion-102-150x150.jpg 150w, https:\/\/elmilagro.org.mx\/st\/wp-content\/uploads\/2025\/12\/copia-de-funcion-102-1536x1536.jpg 1536w, https:\/\/elmilagro.org.mx\/st\/wp-content\/uploads\/2025\/12\/copia-de-funcion-102-2048x2048.jpg 2048w\" sizes=\"(max-width: 1024px) 100vw, 1024px\" \/><\/figure>\n\n\n\n<figure class=\"wp-block-image size-large\"><img loading=\"lazy\" width=\"1024\" height=\"1024\" data-id=\"8019\"  src=\"https:\/\/elmilagro.org.mx\/st\/wp-content\/uploads\/2025\/12\/copia-de-funcion-75_-1024x1024.jpg\" alt=\"\" class=\"wp-image-8019\" srcset=\"https:\/\/elmilagro.org.mx\/st\/wp-content\/uploads\/2025\/12\/copia-de-funcion-75_-1024x1024.jpg 1024w, https:\/\/elmilagro.org.mx\/st\/wp-content\/uploads\/2025\/12\/copia-de-funcion-75_-300x300.jpg 300w, https:\/\/elmilagro.org.mx\/st\/wp-content\/uploads\/2025\/12\/copia-de-funcion-75_-150x150.jpg 150w, https:\/\/elmilagro.org.mx\/st\/wp-content\/uploads\/2025\/12\/copia-de-funcion-75_-1536x1536.jpg 1536w, https:\/\/elmilagro.org.mx\/st\/wp-content\/uploads\/2025\/12\/copia-de-funcion-75_-2048x2048.jpg 2048w\" sizes=\"(max-width: 1024px) 100vw, 1024px\" \/><\/figure>\n\n\n\n<figure class=\"wp-block-image size-large\"><img loading=\"lazy\" width=\"1024\" height=\"1024\" data-id=\"8017\"  src=\"https:\/\/elmilagro.org.mx\/st\/wp-content\/uploads\/2025\/12\/copia-de-funcion-37-1024x1024.jpg\" alt=\"\" class=\"wp-image-8017\" srcset=\"https:\/\/elmilagro.org.mx\/st\/wp-content\/uploads\/2025\/12\/copia-de-funcion-37-1024x1024.jpg 1024w, https:\/\/elmilagro.org.mx\/st\/wp-content\/uploads\/2025\/12\/copia-de-funcion-37-300x300.jpg 300w, https:\/\/elmilagro.org.mx\/st\/wp-content\/uploads\/2025\/12\/copia-de-funcion-37-150x150.jpg 150w, https:\/\/elmilagro.org.mx\/st\/wp-content\/uploads\/2025\/12\/copia-de-funcion-37-1536x1536.jpg 1536w, https:\/\/elmilagro.org.mx\/st\/wp-content\/uploads\/2025\/12\/copia-de-funcion-37-2048x2048.jpg 2048w\" sizes=\"(max-width: 1024px) 100vw, 1024px\" \/><\/figure>\n<\/figure>\n\n\n\n<hr class=\"wp-block-separator\"\/>\n\n\n\n<div style=\"height:100px\" aria-hidden=\"true\" class=\"wp-block-spacer\"><\/div>\n\n\n<h2 style=\"text-align: center;\">DEL 19 AL 21 DE FEBRERO<br \/>Jueves y viernes 20 h<br \/>S\u00e1bado 19 h<br \/>Dom 18 h<\/h2>\n<p>\u00a0<\/p>\n<p><strong>SINOPSIS<\/strong><\/p>\n<p><br \/>Unx no sabe con certeza cu\u00e1l es la brizna que rompe la espalda de un camello es un ensayo esc\u00e9nico sobre las narrativas que habitan nuestra maneras de existir en el mundo&#8230;. las im\u00e1genes que nos dicen qu\u00e9 mirar, qu\u00e9 ocultar, qu\u00e9 sentir&#8230;. la imagen hoy ya no representa el mundo, act\u00faa en \u00e9l. Circula, se deforma, y a la vez nos deforma. Es un intento por capturar lo inasible: esa brizna m\u00ednima que, sin que lo sepamos, quiebra lo soportable. Una pieza que reconoce la falla&#8230; pero que insiste en buscar grietas donde desmontar el marco, suspender el algoritmo, un espacio donde imaginar otras formas de mirar y de narrar&#8230;. \u00bfQui\u00e9n construye la memoria? Memoria que deviene en narrativas. Narrativas que se viralizan por medio de im\u00e1genes. Im\u00e1genes como el veh\u00edculo para construir, legitimar y circular una mirada colonial. No querer decir una verdad sino mostrar c\u00f3mo se fabrica una mentira&#8230; Si la imagen espectacular, hasta la inteligencia artificial construyen una narrativa homog\u00e9nea, aqu\u00ed el desaf\u00edo ser\u00e1 la ruptura: la imposibilidad de una imagen estable, la resistencia del cuerpo que insiste en su propia experiencia.<\/p>\n\n\n<div style=\"height:100px\" aria-hidden=\"true\" class=\"wp-block-spacer\"><\/div>\n\n\n\n<div class=\"wp-container-1 wp-block-buttons\">\n<div class=\"wp-block-button is-style-fill\"><a class=\"wp-block-button__link\" href=\"https:\/\/elmilagro.org.mx\/st\/wp-content\/uploads\/2025\/12\/kit-prensa-camello.pdf\"><em><mark style=\"background-color:rgba(0, 0, 0, 0)\" class=\"has-inline-color has-vivid-purple-color\">DESCARGA EL BOLET\u00cdN DE PRENSA<\/mark><\/em><\/a><\/div>\n\n\n\n<div class=\"wp-block-button\"><a class=\"wp-block-button__link\" href=\"http:\/\/uncamello.boletopolis.com\/\"><strong><em><mark style=\"background-color:rgba(0, 0, 0, 0)\" class=\"has-inline-color has-luminous-vivid-amber-color\">COMPRA AQU\u00cd TUS BOLETOS<\/mark><\/em><\/strong><\/a><\/div>\n<\/div>\n\n\n\n<div style=\"height:100px\" aria-hidden=\"true\" class=\"wp-block-spacer\"><\/div>\n","protected":false},"excerpt":{"rendered":"<p>UNX NO SABE CON CERTEZA CU\u00c1L ES LA BRIZNA QUE ROMPE LA ESPALDA DE UN CAMELLO DIRECCI\u00d3N: MARIANA GARC\u00cdA FRANCOPERFORMER: VERA RIVAS DISE\u00d1O MULTIMEDIA: VERA RIVAS Y C\u00c9SAR REN\u00c9 P\u00c9REZOPERACI\u00d3N EN VIVO: C\u00c9SAR REN\u00c9 P\u00c9REZ DISE\u00d1O DEL ESPACIO ESC\u00c9NICO E ILUMINACI\u00d3N: SARA ALCANTAR DISE\u00d1O CORPORAL: KARLA ROSALES SISTEMA INTERACTIVO: HIPERCUBOLAB (AID\u00c9 ASPICIT Y MICHEL SOTO)PRODUCCI\u00d3N [&hellip;]<\/p>\n","protected":false},"author":4,"featured_media":8023,"comment_status":"open","ping_status":"open","sticky":false,"template":"","format":"standard","meta":[],"categories":[2,21,5],"tags":[],"_links":{"self":[{"href":"https:\/\/elmilagro.org.mx\/st\/wp-json\/wp\/v2\/posts\/8015"}],"collection":[{"href":"https:\/\/elmilagro.org.mx\/st\/wp-json\/wp\/v2\/posts"}],"about":[{"href":"https:\/\/elmilagro.org.mx\/st\/wp-json\/wp\/v2\/types\/post"}],"author":[{"embeddable":true,"href":"https:\/\/elmilagro.org.mx\/st\/wp-json\/wp\/v2\/users\/4"}],"replies":[{"embeddable":true,"href":"https:\/\/elmilagro.org.mx\/st\/wp-json\/wp\/v2\/comments?post=8015"}],"version-history":[{"count":2,"href":"https:\/\/elmilagro.org.mx\/st\/wp-json\/wp\/v2\/posts\/8015\/revisions"}],"predecessor-version":[{"id":8133,"href":"https:\/\/elmilagro.org.mx\/st\/wp-json\/wp\/v2\/posts\/8015\/revisions\/8133"}],"wp:featuredmedia":[{"embeddable":true,"href":"https:\/\/elmilagro.org.mx\/st\/wp-json\/wp\/v2\/media\/8023"}],"wp:attachment":[{"href":"https:\/\/elmilagro.org.mx\/st\/wp-json\/wp\/v2\/media?parent=8015"}],"wp:term":[{"taxonomy":"category","embeddable":true,"href":"https:\/\/elmilagro.org.mx\/st\/wp-json\/wp\/v2\/categories?post=8015"},{"taxonomy":"post_tag","embeddable":true,"href":"https:\/\/elmilagro.org.mx\/st\/wp-json\/wp\/v2\/tags?post=8015"}],"curies":[{"name":"wp","href":"https:\/\/api.w.org\/{rel}","templated":true}]}}