{"id":800,"date":"2017-08-18T00:16:50","date_gmt":"2017-08-18T00:16:50","guid":{"rendered":"http:\/\/bantics.xyz\/bgmil\/?p=800"},"modified":"2017-08-18T00:16:50","modified_gmt":"2017-08-18T00:16:50","slug":"persona-2","status":"publish","type":"post","link":"https:\/\/elmilagro.org.mx\/st\/persona-2\/","title":{"rendered":"Persona"},"content":{"rendered":"[mk_page_section video_loop=&#8221;false&#8221; min_height=&#8221;0&#8243; padding_top=&#8221;0&#8243; padding_bottom=&#8221;0&#8243; sidebar=&#8221;sidebar-1&#8243;][vc_column width=&#8221;2\/3&#8243;][vc_row_inner][vc_column_inner width=&#8221;1\/2&#8243;][mk_gallery images=&#8221;801,802,803,804&#8243; column=&#8221;2&#8243; image_size=&#8221;large&#8221; item_spacing=&#8221;4&#8243; margin_bottom=&#8221;35&#8243;][\/vc_column_inner][vc_column_inner width=&#8221;1\/2&#8243;][mk_fancy_title tag_name=&#8221;span&#8221; margin_bottom=&#8221;0&#8243; font_family=&#8221;none&#8221;]<strong>Persona<\/strong><br \/>\nAdaptaci\u00f3n del gui\u00f3n cinematogr\u00e1fico de Ingmar Bergman<br \/>\n<strong>Direcci\u00f3n<\/strong><br \/>\nDaniel Gim\u00e9nez Cacho<br \/>\n<strong>Reparto<\/strong><br \/>\nLaura Almela<br \/>\nMariana Gim\u00e9nez<br \/>\n<strong>Escenograf\u00eda e iluminaci\u00f3n<\/strong><br \/>\nGabriel Pascal<br \/>\n<strong>Vestuario<\/strong><br \/>\nEdyta Rzewuska<br \/>\n<strong>Movimiento esc\u00e9nico<\/strong><br \/>\nBruno Castillo<br \/>\n<strong>Dise\u00f1o sonoro<\/strong><br \/>\nManuel Rocha<br \/>\n<strong>Voz grabada<\/strong><br \/>\nAna Ofelia Murgu\u00eda<br \/>\n<strong>Dise\u00f1o de imagen<\/strong><br \/>\nPablo Moya<br \/>\n<strong>Grabaci\u00f3n de voz<\/strong><br \/>\nEmiliano L\u00f3pez Rasc\u00f3n y Rodrigo Hern\u00e1ndez<br \/>\n<strong>Fotograf\u00eda<\/strong><br \/>\nMaya Goded<br \/>\n<strong>Producci\u00f3n ejecutiva<\/strong><br \/>\nEl Milagro<br \/>\n<strong>Asistente de direcci\u00f3n<\/strong><br \/>\nDaniela Flores<br \/>\n<strong>Apoyo t\u00e9cnico<\/strong><br \/>\nFernando Alvarado<br \/>\n<strong>Realizaci\u00f3n de vestuario<\/strong><br \/>\nIsrael Ayala<br \/>\n<strong>Estreno<\/strong><br \/>\n2008[\/mk_fancy_title][\/vc_column_inner][\/vc_row_inner][mk_divider][mk_fancy_title tag_name=&#8221;span&#8221; margin_bottom=&#8221;0&#8243; font_family=&#8221;none&#8221;]<strong>Sinopsis<\/strong><\/p>\n<p>Una noche, durante su funci\u00f3n de teatro, la reconocida actriz Elisabeth Vogler, deja de hablar. Al d\u00eda siguiente dejar\u00e1 de hablar por completo y ser\u00e1 internada en una cl\u00ednica. La estrecha convivencia con la enfermera a su cargo ira revel\u00e1ndonos las razones ocultas del deliberado silencio de la actriz pero a la vez el complejo mundo interno de la enfermera. Las palabras enfrentadas a la oscuridad del silencio y en la frontera con lo inefable, van a echar luz al misterio y a la violencia del esp\u00edritu humano.<\/p>\n<p>&nbsp;<\/p>\n<p><strong>Notas cr\u00edticas<br \/>\n<\/strong>No\u00e9 Morales: <a href=\"https:\/\/www.resenahistoricateatromexico2021.net\/proyecto_default_base2.php?id=5187&amp;op=1&amp;texto_palabra=No%E9%20Morales\" target=\"_blank\" rel=\"noopener noreferrer\">&#8220;Persona&#8221;<br \/>\n<\/a>ingmarbergman.se: <a href=\"https:\/\/www.ingmarbergman.se\/en\/adaptions\/persona-15\" target=\"_blank\" rel=\"noopener noreferrer\">&#8220;World stage premier of <em>Persona<\/em>&#8220;<\/a>[\/mk_fancy_title][\/vc_column][vc_column width=&#8221;1\/3&#8243;][vc_widget_sidebar sidebar_id=&#8221;sidebar-2&#8243;][\/vc_column][\/mk_page_section]\n","protected":false},"excerpt":{"rendered":"<p>[mk_page_section video_loop=&#8221;false&#8221; min_height=&#8221;0&#8243; padding_top=&#8221;0&#8243; padding_bottom=&#8221;0&#8243; sidebar=&#8221;sidebar-1&#8243;][vc_column width=&#8221;2\/3&#8243;][vc_row_inner][vc_column_inner width=&#8221;1\/2&#8243;][mk_gallery images=&#8221;801,802,803,804&#8243; column=&#8221;2&#8243; image_size=&#8221;large&#8221; item_spacing=&#8221;4&#8243; margin_bottom=&#8221;35&#8243;][\/vc_column_inner][vc_column_inner width=&#8221;1\/2&#8243;][mk_fancy_title tag_name=&#8221;span&#8221; margin_bottom=&#8221;0&#8243; font_family=&#8221;none&#8221;]Persona Adaptaci\u00f3n del gui\u00f3n cinematogr\u00e1fico de Ingmar Bergman Direcci\u00f3n Daniel Gim\u00e9nez Cacho Reparto Laura Almela Mariana Gim\u00e9nez Escenograf\u00eda e iluminaci\u00f3n Gabriel Pascal Vestuario Edyta Rzewuska Movimiento esc\u00e9nico Bruno Castillo Dise\u00f1o sonoro Manuel Rocha Voz grabada Ana Ofelia Murgu\u00eda Dise\u00f1o [&hellip;]<\/p>\n","protected":false},"author":3,"featured_media":802,"comment_status":"open","ping_status":"open","sticky":false,"template":"","format":"standard","meta":[],"categories":[3,5,7],"tags":[8],"_links":{"self":[{"href":"https:\/\/elmilagro.org.mx\/st\/wp-json\/wp\/v2\/posts\/800"}],"collection":[{"href":"https:\/\/elmilagro.org.mx\/st\/wp-json\/wp\/v2\/posts"}],"about":[{"href":"https:\/\/elmilagro.org.mx\/st\/wp-json\/wp\/v2\/types\/post"}],"author":[{"embeddable":true,"href":"https:\/\/elmilagro.org.mx\/st\/wp-json\/wp\/v2\/users\/3"}],"replies":[{"embeddable":true,"href":"https:\/\/elmilagro.org.mx\/st\/wp-json\/wp\/v2\/comments?post=800"}],"version-history":[{"count":0,"href":"https:\/\/elmilagro.org.mx\/st\/wp-json\/wp\/v2\/posts\/800\/revisions"}],"wp:featuredmedia":[{"embeddable":true,"href":"https:\/\/elmilagro.org.mx\/st\/wp-json\/wp\/v2\/media\/802"}],"wp:attachment":[{"href":"https:\/\/elmilagro.org.mx\/st\/wp-json\/wp\/v2\/media?parent=800"}],"wp:term":[{"taxonomy":"category","embeddable":true,"href":"https:\/\/elmilagro.org.mx\/st\/wp-json\/wp\/v2\/categories?post=800"},{"taxonomy":"post_tag","embeddable":true,"href":"https:\/\/elmilagro.org.mx\/st\/wp-json\/wp\/v2\/tags?post=800"}],"curies":[{"name":"wp","href":"https:\/\/api.w.org\/{rel}","templated":true}]}}