{"id":7968,"date":"2025-11-19T22:41:59","date_gmt":"2025-11-20T04:41:59","guid":{"rendered":"https:\/\/elmilagro.org.mx\/st\/?p=7968"},"modified":"2026-01-15T13:45:17","modified_gmt":"2026-01-15T19:45:17","slug":"la-cata","status":"publish","type":"post","link":"https:\/\/elmilagro.org.mx\/st\/la-cata\/","title":{"rendered":"La cata"},"content":{"rendered":"\n<figure class=\"wp-block-image size-large\"><img loading=\"lazy\" width=\"1024\" height=\"678\" src=\"https:\/\/elmilagro.org.mx\/st\/wp-content\/uploads\/2025\/11\/whatsapp-image-2025-11-19-at-22.26.49-1024x678.jpeg\" alt=\"\" class=\"wp-image-7956\" srcset=\"https:\/\/elmilagro.org.mx\/st\/wp-content\/uploads\/2025\/11\/whatsapp-image-2025-11-19-at-22.26.49-1024x678.jpeg 1024w, https:\/\/elmilagro.org.mx\/st\/wp-content\/uploads\/2025\/11\/whatsapp-image-2025-11-19-at-22.26.49-300x199.jpeg 300w, https:\/\/elmilagro.org.mx\/st\/wp-content\/uploads\/2025\/11\/whatsapp-image-2025-11-19-at-22.26.49-768x508.jpeg 768w, https:\/\/elmilagro.org.mx\/st\/wp-content\/uploads\/2025\/11\/whatsapp-image-2025-11-19-at-22.26.49.jpeg 1467w\" sizes=\"(max-width: 1024px) 100vw, 1024px\" \/><\/figure>\n\n\n\n<div style=\"height:100px\" aria-hidden=\"true\" class=\"wp-block-spacer\"><\/div>\n\n\n<table>\n<tbody>\n<tr>\n<td>\n<p><b>Nombre de la obra:<\/b><\/p>\n<\/td>\n<td>\n<p><span style=\"font-weight: 400;\">LA CATA<\/span><\/p>\n<\/td>\n<\/tr>\n<tr>\n<td>\n<p><b>Dramaturgia:<\/b><\/p>\n<\/td>\n<td>\n<p><span style=\"font-weight: 400;\">Juan Carlos Vives<\/span><\/p>\n<\/td>\n<\/tr>\n<tr>\n<td>\n<p><b>Direcci\u00f3n:<\/b><\/p>\n<\/td>\n<td>\n<p><span style=\"font-weight: 400;\">Juan Carlos Vives<\/span><\/p>\n<\/td>\n<\/tr>\n<tr>\n<td>\n<p><b>Elenco:<\/b><\/p>\n<\/td>\n<td>\n<p><span style=\"font-weight: 400;\">Enrique Arreola, Rodrigo V\u00e1zquez y Juan Carlos Vives<\/span><\/p>\n<\/td>\n<\/tr>\n<tr>\n<td>\n<p><b>Producci\u00f3n:<\/b><\/p>\n<\/td>\n<td>\n<p><span style=\"font-weight: 400;\">B\u00faho Grande Teatro\u00a0<\/span><\/p>\n<\/td>\n<\/tr>\n<tr>\n<td>\n<p><b>G\u00e9nero:<\/b><\/p>\n<\/td>\n<td>\n<p><span style=\"font-weight: 400;\">Teatro de Prueba \/ Error<\/span><\/p>\n<\/td>\n<\/tr>\n<tr>\n<td>\n<p><b>Temporada:<\/b><\/p>\n<\/td>\n<td>\n<p><span style=\"font-weight: 400;\">17, 18, 24 y 25 de noviembre, 1 y 2 de diciembre de 2025<\/span><\/p>\n<\/td>\n<\/tr>\n<tr>\n<td>\n<p><b>Horarios:<\/b><\/p>\n<\/td>\n<td>\n<p><span style=\"font-weight: 400;\">Lunes y martes, 20:00 h<\/span><\/p>\n<\/td>\n<\/tr>\n<tr>\n<td>\n<p><b>Teatro:<\/b><\/p>\n<\/td>\n<td>\n<p><span style=\"font-weight: 400;\">El Milagrito<\/span><\/p>\n<\/td>\n<\/tr>\n<tr>\n<td>\n<p><b>Costo de boleto:<\/b><\/p>\n<\/td>\n<td>\n<p><span style=\"font-weight: 400;\">$300 (entrada general)<\/span><span style=\"font-weight: 400;\"><br \/><\/span><span style=\"font-weight: 400;\">$150 (maestros y vecinos de la alcaldi\u0301a Cuauhte\u0301moc)<\/span><span style=\"font-weight: 400;\"><br \/><\/span><span style=\"font-weight: 400;\">$100 (estudiantes en general e INAPAM)<\/span><\/p>\n<\/td>\n<\/tr>\n<tr>\n<td>\n<p><b>Clasificaci\u00f3n:<\/b><\/p>\n<\/td>\n<td>\n<p><span style=\"font-weight: 400;\">Mayores de 18 a\u00f1os<\/span><\/p>\n<\/td>\n<\/tr>\n<tr>\n<td>\n<p><b>Duraci\u00f3n:<\/b><\/p>\n<\/td>\n<td>\n<p><span style=\"font-weight: 400;\">80 minutos aproximadamente<\/span><\/p>\n<\/td>\n<\/tr>\n<tr>\n<td>\n<p><b>Breve sinopsis:<\/b><\/p>\n<\/td>\n<td>\n<p><span style=\"font-weight: 400;\">La rica degustaci\u00f3n de la escena, una ligera probadita de nuestros ensayos, la cata del proceso por el que caminamos a estas alturas de nuestras carreras. Pr\u00f3ximamente\u2026<\/span><\/p>\n<\/td>\n<\/tr>\n<\/tbody>\n<\/table>\n\n\n<div style=\"height:100px\" aria-hidden=\"true\" class=\"wp-block-spacer\"><\/div>\n\n\n\n<div class=\"wp-container-1 wp-block-buttons\">\n<div class=\"wp-block-button\"><a class=\"wp-block-button__link\" href=\"http:\/\/lacata.boletopolis.com\/\">COMPRA AQU\u00cd TUS BOLETOS<\/a><\/div>\n<\/div>\n","protected":false},"excerpt":{"rendered":"<p>Nombre de la obra: LA CATA Dramaturgia: Juan Carlos Vives Direcci\u00f3n: Juan Carlos Vives Elenco: Enrique Arreola, Rodrigo V\u00e1zquez y Juan Carlos Vives Producci\u00f3n: B\u00faho Grande Teatro\u00a0 G\u00e9nero: Teatro de Prueba \/ Error Temporada: 17, 18, 24 y 25 de noviembre, 1 y 2 de diciembre de 2025 Horarios: Lunes y martes, 20:00 h Teatro: [&hellip;]<\/p>\n","protected":false},"author":4,"featured_media":7956,"comment_status":"open","ping_status":"open","sticky":false,"template":"","format":"standard","meta":[],"categories":[2,21],"tags":[],"_links":{"self":[{"href":"https:\/\/elmilagro.org.mx\/st\/wp-json\/wp\/v2\/posts\/7968"}],"collection":[{"href":"https:\/\/elmilagro.org.mx\/st\/wp-json\/wp\/v2\/posts"}],"about":[{"href":"https:\/\/elmilagro.org.mx\/st\/wp-json\/wp\/v2\/types\/post"}],"author":[{"embeddable":true,"href":"https:\/\/elmilagro.org.mx\/st\/wp-json\/wp\/v2\/users\/4"}],"replies":[{"embeddable":true,"href":"https:\/\/elmilagro.org.mx\/st\/wp-json\/wp\/v2\/comments?post=7968"}],"version-history":[{"count":1,"href":"https:\/\/elmilagro.org.mx\/st\/wp-json\/wp\/v2\/posts\/7968\/revisions"}],"predecessor-version":[{"id":7969,"href":"https:\/\/elmilagro.org.mx\/st\/wp-json\/wp\/v2\/posts\/7968\/revisions\/7969"}],"wp:featuredmedia":[{"embeddable":true,"href":"https:\/\/elmilagro.org.mx\/st\/wp-json\/wp\/v2\/media\/7956"}],"wp:attachment":[{"href":"https:\/\/elmilagro.org.mx\/st\/wp-json\/wp\/v2\/media?parent=7968"}],"wp:term":[{"taxonomy":"category","embeddable":true,"href":"https:\/\/elmilagro.org.mx\/st\/wp-json\/wp\/v2\/categories?post=7968"},{"taxonomy":"post_tag","embeddable":true,"href":"https:\/\/elmilagro.org.mx\/st\/wp-json\/wp\/v2\/tags?post=7968"}],"curies":[{"name":"wp","href":"https:\/\/api.w.org\/{rel}","templated":true}]}}