{"id":792,"date":"2017-08-18T00:04:29","date_gmt":"2017-08-18T00:04:29","guid":{"rendered":"http:\/\/bantics.xyz\/bgmil\/?p=792"},"modified":"2017-08-18T00:04:29","modified_gmt":"2017-08-18T00:04:29","slug":"los-insensatos-2","status":"publish","type":"post","link":"https:\/\/elmilagro.org.mx\/st\/los-insensatos-2\/","title":{"rendered":"Los insensatos"},"content":{"rendered":"[mk_page_section video_loop=&#8221;false&#8221; min_height=&#8221;0&#8243; padding_top=&#8221;0&#8243; padding_bottom=&#8221;0&#8243; sidebar=&#8221;sidebar-1&#8243;][vc_column width=&#8221;2\/3&#8243;][vc_row_inner][vc_column_inner width=&#8221;1\/2&#8243;][mk_gallery images=&#8221;794,795,796,797,300,298&#8243; column=&#8221;2&#8243; image_size=&#8221;large&#8221; item_spacing=&#8221;4&#8243; margin_bottom=&#8221;35&#8243;][\/vc_column_inner][vc_column_inner width=&#8221;1\/2&#8243;][mk_fancy_title tag_name=&#8221;span&#8221; margin_bottom=&#8221;0&#8243; font_family=&#8221;none&#8221;]<strong>Texto y direcci\u00f3n<\/strong><br \/>\nDavid Olgu\u00edn<br \/>\n<strong>Reparto<\/strong><br \/>\nRodrigo Espinoza<br \/>\nJos\u00e9 Concepci\u00f3n Mac\u00edas<br \/>\nHumberto Sol\u00f3rzano Cordero<br \/>\nRam\u00f3n Barrag\u00e1n<br \/>\nLuis Mora<br \/>\nRodolfo Guerrero<br \/>\nMaricela Pe\u00f1alosa<br \/>\nRa\u00fal Espinoza<br \/>\n<strong>Escenograf\u00eda e iluminaci\u00f3n <\/strong><br \/>\nGabriel Pascal<br \/>\n<strong>Vestuario<\/strong><br \/>\nSergio Ruiz<br \/>\n<strong>Dise\u00f1o sonoro<\/strong><br \/>\nRodrigo Espinoza<br \/>\n<strong>Asistente de direcci\u00f3n y traspunte<\/strong><br \/>\nAlberto Daniel Victoria<br \/>\n<strong>Dise\u00f1o gr\u00e1fico<\/strong><br \/>\nPablo Moya<br \/>\n<strong>Asistente de escenograf\u00eda y producci\u00f3n<\/strong><br \/>\nMari\u00e1n Mancilla<br \/>\n<strong>Combate esc\u00e9nico<\/strong><br \/>\nBruno Castillo<br \/>\n<strong>Fotograf\u00eda<\/strong><br \/>\nPatricia Ortiz<br \/>\n<strong>Realizaci\u00f3n de escenograf\u00eda<\/strong><br \/>\nAlberto Orozco<br \/>\n<strong>Realizaci\u00f3n de vestuario<\/strong><br \/>\nAlberto Lim\u00f3n y Lidia Ru\u00edz<br \/>\n<strong>Asistente de vestuario<\/strong><br \/>\nGustavo Linares<br \/>\n<strong>Producci\u00f3n ejecutiva<\/strong><br \/>\nEl Milagro<br \/>\n<strong>Planta t\u00e9cnica<\/strong><br \/>\nMiguel Angel P\u00e1ez, Arturo Gonz\u00e1lez Fr\u00edas y Celso Mart\u00ednez Flores[\/mk_fancy_title][\/vc_column_inner][\/vc_row_inner][mk_divider][mk_fancy_title tag_name=&#8221;span&#8221; margin_bottom=&#8221;0&#8243; font_family=&#8221;none&#8221;]<strong>Sinopsis<\/strong><\/p>\n<p>El 2 de septiembre de 1910, Porfirio D\u00edaz, estadista de una naci\u00f3n que requer\u00eda de \u201corden y progreso\u201d, encarga a su hijo el dise\u00f1o y construcci\u00f3n de un moderno hospital para alienados en la Ciudad de M\u00e9xico. As\u00ed naci\u00f3, hace cien a\u00f1os, como parte de la celebraci\u00f3n de nuestro primer centenario de vida independiente, La Casta\u00f1eda, el famoso manicomio que habr\u00eda de reunir a hombres y mujeres de los Hospitales para \u201cinocentes\u201d de San Hip\u00f3lito y de Jes\u00fas.<br \/>\n\u201c\u00bfQu\u00e9 pa\u00eds es \u00e9ste?\u201d, preguntan los insensatos. \u201c\u00bfQu\u00e9 le pas\u00f3?\u201d Y desde su barca miran c\u00f3mo nos llevaron al baile: insania colectiva a ritmo de fol\u00eda. En esta Casta\u00f1eda de la imaginaci\u00f3n hay historia y mito, invocaciones cl\u00e1sicas, el naufragio de una utop\u00eda y el encuentro del insensato con el \u201cdepravado\u201d y el hereje revelando, as\u00ed, \u201cla posibilidad perpetua de la sinraz\u00f3n\u201d. S\u00f3lo en la verdad de las mentiras, la historia puede pulsar la cuerda rota del presente. \u201c\u00bfQu\u00e9 nos pas\u00f3?\u201d No hay pa\u00eds para la fiesta a 200 a\u00f1os de su fundaci\u00f3n. Ante un horizonte tan desolador, los insensatos de esta obra l\u00fadica y desgarradora, c\u00f3mica y terrible, s\u00f3lo pueden invocar las palabras de Hamlet, el loco isabelino: \u201cacci\u00f3n es la palabra\u201d.<br \/>\nLa arquitectura del manicomio describe los contornos de un pa\u00eds donde la fol\u00eda, el contrapunto y la cat\u00e1strofe parecen cotidianas. De esta manera, el Centenario de la Revoluci\u00f3n Mexicana y el Bicentenario se juntan y se proyectan a futuro en esta exploraci\u00f3n de los laberintos de la mente p\u00fablica y privada a partir de los enredos de un recluso, un \u201cinocente\u201d, un inadaptado, un orate contumaz, bocafloja y rebelde, un incendiario que alborotar\u00e1 el gallinero, un actor, a fin de cuentas, un enervado que no soporta el pa\u00eds en el que le ha tocado nacer y que carga con una historia tr\u00e1gica, personal y colectiva. \u00c9ste es el punto de partida de un viaje interior y pol\u00edtico. Los laberintos inexplicables de la mente construyen un laberinto a\u00fan mayor, el de un M\u00e9xico que no encuentra salida.<\/p>\n<p><strong>Notas cr\u00edticas<\/strong><\/p>\n<p>El antiguo y ya desaparecido manicomio de La Casta\u00f1eda, cuando fue inaugurado por Porfirio D\u00edaz, en 1910, es el elegido por David Olgu\u00edn, como marco de desarrollo de su obra \u201cLos insensatos\u201d, que el pr\u00f3ximo 28 de noviembre, culminar\u00e1 una exitosa temporada. \u00c9l mismo es el encargado de dirigir un montaje que apuesta por el minimalismo, en la corporalidad de sus<br \/>\nactores, con una escenograf\u00eda e iluminaci\u00f3n, dise\u00f1adas ambas por Gabriel Pascal, su habitual colaborador. Uno de los elementos centrales ser\u00e1 una tina antigua, que en un momento dado se convertir\u00e1 en la \u201cnave de los locos\u201d.<br \/>\nEsta obra se inscribe en la f\u00f3rmula de teatro dentro del teatro, que tambi\u00e9n conoce y maneja Olgu\u00edn, en un texto que se construye a base de fragmentos,<br \/>\ninsertando varias referencias culteranas, el manicomio se convierte en un microcosmos de la sociedad mexicana y queda demostrada la gran verdad que<br \/>\nencierra a frase popular de que \u201clocura es cordura\u201d. Los actores con gran eficiencia interpretan a una serie de lun\u00e1ticos estramb\u00f3ticos, que se<br \/>\nencuentran en un estado exaltado de furia, donde el pez grande se come al pez chico. Lo mismo aparece el actor frustrado (Rodrigo Espinoza) quien aun no se repone del suicidio de su amada (Maricela Pe\u00f1alosa), quien una y otra vez se le aparecer\u00e1 a lo largo del desarrollo de la obra como presencia fantasmal.<br \/>\nO Septiembre, un personaje homosexual entra\u00f1able caracterizado con gracia y soltura por el experimentado Ram\u00f3n Barrag\u00e1n. Mientras que Macabrillo es interpretado con fuerza expresiva por Rodolfo Guerrero, en tanto Humberto Sol\u00f3rzano ha vida a un tinterillo que por meterse en la rebeli\u00f3n, termina relegado o exiliado entre los locos.<br \/>\nEllos son tan s\u00f3lo algunos de los personajes emblem\u00e1ticos de \u201cLos insensatos\u201d una obra que destaca por su iron\u00eda ca\u00fastica y corrosiva. Es una cr\u00f3nica del c\u00f3mo una sociedad maltrata a los indeseables. La sabidur\u00eda y la irreverencia se combinan en este fest\u00edn teatral, con un espl\u00e9ndido segundo acto que resume la podredumbre de las miserias humanas, la gran orfandad existencial que permea nuestros tiempos.<strong>\u00a0Por Perla Schwartz<\/strong>[\/mk_fancy_title][\/vc_column][vc_column width=&#8221;1\/3&#8243;][vc_widget_sidebar sidebar_id=&#8221;sidebar-2&#8243;][\/vc_column][\/mk_page_section]\n","protected":false},"excerpt":{"rendered":"<p>[mk_page_section video_loop=&#8221;false&#8221; min_height=&#8221;0&#8243; padding_top=&#8221;0&#8243; padding_bottom=&#8221;0&#8243; sidebar=&#8221;sidebar-1&#8243;][vc_column width=&#8221;2\/3&#8243;][vc_row_inner][vc_column_inner width=&#8221;1\/2&#8243;][mk_gallery images=&#8221;794,795,796,797,300,298&#8243; column=&#8221;2&#8243; image_size=&#8221;large&#8221; item_spacing=&#8221;4&#8243; margin_bottom=&#8221;35&#8243;][\/vc_column_inner][vc_column_inner width=&#8221;1\/2&#8243;][mk_fancy_title tag_name=&#8221;span&#8221; margin_bottom=&#8221;0&#8243; font_family=&#8221;none&#8221;]Texto y direcci\u00f3n David Olgu\u00edn Reparto Rodrigo Espinoza Jos\u00e9 Concepci\u00f3n Mac\u00edas Humberto Sol\u00f3rzano Cordero Ram\u00f3n Barrag\u00e1n Luis Mora Rodolfo Guerrero Maricela Pe\u00f1alosa Ra\u00fal Espinoza Escenograf\u00eda e iluminaci\u00f3n Gabriel Pascal Vestuario Sergio Ruiz Dise\u00f1o sonoro Rodrigo Espinoza Asistente de direcci\u00f3n [&hellip;]<\/p>\n","protected":false},"author":3,"featured_media":797,"comment_status":"open","ping_status":"open","sticky":false,"template":"","format":"standard","meta":[],"categories":[3,5,7],"tags":[8],"_links":{"self":[{"href":"https:\/\/elmilagro.org.mx\/st\/wp-json\/wp\/v2\/posts\/792"}],"collection":[{"href":"https:\/\/elmilagro.org.mx\/st\/wp-json\/wp\/v2\/posts"}],"about":[{"href":"https:\/\/elmilagro.org.mx\/st\/wp-json\/wp\/v2\/types\/post"}],"author":[{"embeddable":true,"href":"https:\/\/elmilagro.org.mx\/st\/wp-json\/wp\/v2\/users\/3"}],"replies":[{"embeddable":true,"href":"https:\/\/elmilagro.org.mx\/st\/wp-json\/wp\/v2\/comments?post=792"}],"version-history":[{"count":0,"href":"https:\/\/elmilagro.org.mx\/st\/wp-json\/wp\/v2\/posts\/792\/revisions"}],"wp:featuredmedia":[{"embeddable":true,"href":"https:\/\/elmilagro.org.mx\/st\/wp-json\/wp\/v2\/media\/797"}],"wp:attachment":[{"href":"https:\/\/elmilagro.org.mx\/st\/wp-json\/wp\/v2\/media?parent=792"}],"wp:term":[{"taxonomy":"category","embeddable":true,"href":"https:\/\/elmilagro.org.mx\/st\/wp-json\/wp\/v2\/categories?post=792"},{"taxonomy":"post_tag","embeddable":true,"href":"https:\/\/elmilagro.org.mx\/st\/wp-json\/wp\/v2\/tags?post=792"}],"curies":[{"name":"wp","href":"https:\/\/api.w.org\/{rel}","templated":true}]}}