{"id":785,"date":"2017-08-17T23:41:36","date_gmt":"2017-08-17T23:41:36","guid":{"rendered":"http:\/\/bantics.xyz\/bgmil\/?p=785"},"modified":"2017-08-17T23:41:36","modified_gmt":"2017-08-17T23:41:36","slug":"los-asesinos","status":"publish","type":"post","link":"https:\/\/elmilagro.org.mx\/st\/los-asesinos\/","title":{"rendered":"Los asesinos"},"content":{"rendered":"[mk_page_section video_loop=&#8221;false&#8221; min_height=&#8221;0&#8243; padding_top=&#8221;0&#8243; padding_bottom=&#8221;0&#8243; sidebar=&#8221;sidebar-1&#8243;][vc_column width=&#8221;2\/3&#8243;][vc_row_inner][vc_column_inner width=&#8221;1\/2&#8243;][mk_gallery images=&#8221;786,787,788,789&#8243; column=&#8221;2&#8243; image_size=&#8221;large&#8221; item_spacing=&#8221;4&#8243; margin_bottom=&#8221;35&#8243;][\/vc_column_inner][vc_column_inner width=&#8221;1\/2&#8243;][mk_fancy_title tag_name=&#8221;span&#8221; margin_bottom=&#8221;0&#8243; font_family=&#8221;none&#8221;]<strong>Texto y direcci\u00f3n<\/strong><br \/>\nDavid Olgu\u00edn<br \/>\n<strong>Reparto<\/strong><br \/>\nAntonio Z\u00fa\u00f1iga<br \/>\nGilberto Barraza<br \/>\nLaura Almela<br \/>\nSandra Rosales<br \/>\nSaidh Torres<br \/>\nRodolfo Guerrero<br \/>\nGustavo Linares<br \/>\nRa\u00fal Espinoza Faessel<br \/>\n<strong>Escenograf\u00eda e iluminaci\u00f3n<\/strong><br \/>\nGabriel Pascal<br \/>\n<strong>Dise\u00f1o sonoro<\/strong><br \/>\nRodrigo Espinoza<br \/>\n<strong>Vestuario<\/strong><br \/>\nSergio Ruiz<br \/>\n<strong>Coreograf\u00eda<\/strong><br \/>\nRafael Rosales<br \/>\n<strong>Asistente de direcci\u00f3n y traspunte<\/strong><br \/>\nDaniel Alberto Victoria<br \/>\n<strong>Producci\u00f3n ejecutiva y asistente de escenograf\u00eda y vestuario<\/strong><br \/>\nMargarita Lozano<br \/>\n<strong>Dise\u00f1o gr\u00e1fico<\/strong><br \/>\nPablo Moya<br \/>\n<strong>Fotograf\u00eda<\/strong><br \/>\nPatricia Ortiz<br \/>\n<strong>Realizaci\u00f3n de escenograf\u00eda<\/strong><br \/>\nMiguel \u00c1ngel P\u00e1ez, Arturo Fr\u00edas Gonz\u00e1lez y Celso Mart\u00ednez Flores<br \/>\n<strong>Realizaci\u00f3n de vestuario<\/strong><br \/>\nCony Salles y Alfonso Lim\u00f3n<br \/>\n<strong>Atrezzo de \u00e1rbol<\/strong><br \/>\nGilberto Barraza<br \/>\n<strong>Producci\u00f3n ejecutiva<\/strong><br \/>\nEl Milagro y Carretera 45 Teatro A.C.<br \/>\n<strong>Planta t\u00e9cnica<\/strong><br \/>\nMiguel \u00c1ngel P\u00e1ez<br \/>\nArturo Fr\u00edas Gonz\u00e1lez<br \/>\nCelso Mart\u00ednez Flores[\/mk_fancy_title][\/vc_column_inner][\/vc_row_inner][mk_divider][mk_fancy_title tag_name=&#8221;span&#8221; margin_bottom=&#8221;0&#8243; font_family=&#8221;none&#8221;]<strong>Sinopsis<\/strong><\/p>\n<p><em>Los asesinos<\/em> es una coproducci\u00f3n de El Milagro y Carretera 45 Teatro A. C.(antes Alborde), un grupo nacido en Ciudad Ju\u00e1rez, Chihuahua. Nos uni\u00f3 la necesidad de hablar sobre el presente mexicano y as\u00ed abismarnos en un pu\u00f1ado de mentalidades salvajes, una <em>clica<\/em> de esas que ahora mismo ofrecen el paisaje m\u00e1s siniestro que M\u00e9xico conozca en t\u00e9rminos de la gratuidad del crimen.<br \/>\nConocedores de todo tipo tratan de explicar la imparable estad\u00edstica mortuoria y los porqu\u00e9s de esta <em>guerra<\/em> que nos convirti\u00f3 en rehenes. Pero al abismarnos en una fosa com\u00fan, hay un m\u00e1s all\u00e1 que rebasa la explicaci\u00f3n racional y los condicionantes sociales y econ\u00f3micos de la <em>sicariada<\/em>.<br \/>\nLos asesinos son hombres muertos. Absurdo y fugacidad los cercan. Y viven, sue\u00f1an, r\u00eden y se enamoran, y matan a sangre fr\u00eda, y algunos tienen el despiadado humor carro\u00f1ero de las mentes oscuras. La desproporci\u00f3n entre la cada vez m\u00e1s frecuente gratuidad de sus cr\u00edmenes y el infinito dolor que causan, es uno de los grandes enigmas del comportamiento humano, y un desafortunado encuentro entre el fondo oscuro del coraz\u00f3n y las condiciones que imperan en nuestra sociedad.<br \/>\nEsta es una obra sobre gente obtusa. Esa estrechez, fruto de la ignorancia, parece un ingrediente importante en el caldo de cultivo de la violencia. Y si bien el chacal fascina, por otra parte es un mal sue\u00f1o que ahora est\u00e1 cargado de normalidad y acaso esta habituaci\u00f3n al crimen sea lo verdaderamente monstruoso en nuestros d\u00edas.<br \/>\nDetr\u00e1s de la mano que acciona el gatillo hay un sinf\u00edn de complicidades, doble moral y hasta la posible limpia, fuera de la ley, de los indeseables que, en efecto, eso son. Lamentablemente un sol negro nos ilumina. <em>Los asesinos<\/em> abre la puerta de un tema delicado y pol\u00e9mico, sin duda, pero quisimos correr el riesgo y hablar sobre esta lenta masacre que ya dura un lustro. Esta noche, nuevamente intentaremos pulsar la verdad humana de esas criaturas que ya no acechan en la oscuridad, sino a plena luz del d\u00eda en un pa\u00eds que espanta, un pa\u00eds donde v\u00edctimas y victimarios dejaron de mirarse a la cara con asombro.<\/p>\n<p>David Olgu\u00edn<\/p>\n<p><strong>Notas cr\u00edticas<\/strong>[\/mk_fancy_title][\/vc_column][vc_column width=&#8221;1\/3&#8243;][vc_widget_sidebar sidebar_id=&#8221;sidebar-2&#8243;][\/vc_column][\/mk_page_section]\n","protected":false},"excerpt":{"rendered":"<p>[mk_page_section video_loop=&#8221;false&#8221; min_height=&#8221;0&#8243; padding_top=&#8221;0&#8243; padding_bottom=&#8221;0&#8243; sidebar=&#8221;sidebar-1&#8243;][vc_column width=&#8221;2\/3&#8243;][vc_row_inner][vc_column_inner width=&#8221;1\/2&#8243;][mk_gallery images=&#8221;786,787,788,789&#8243; column=&#8221;2&#8243; image_size=&#8221;large&#8221; item_spacing=&#8221;4&#8243; margin_bottom=&#8221;35&#8243;][\/vc_column_inner][vc_column_inner width=&#8221;1\/2&#8243;][mk_fancy_title tag_name=&#8221;span&#8221; margin_bottom=&#8221;0&#8243; font_family=&#8221;none&#8221;]Texto y direcci\u00f3n David Olgu\u00edn Reparto Antonio Z\u00fa\u00f1iga Gilberto Barraza Laura Almela Sandra Rosales Saidh Torres Rodolfo Guerrero Gustavo Linares Ra\u00fal Espinoza Faessel Escenograf\u00eda e iluminaci\u00f3n Gabriel Pascal Dise\u00f1o sonoro Rodrigo Espinoza Vestuario Sergio Ruiz Coreograf\u00eda Rafael Rosales Asistente [&hellip;]<\/p>\n","protected":false},"author":3,"featured_media":789,"comment_status":"open","ping_status":"open","sticky":false,"template":"","format":"standard","meta":[],"categories":[3,5,7],"tags":[8],"_links":{"self":[{"href":"https:\/\/elmilagro.org.mx\/st\/wp-json\/wp\/v2\/posts\/785"}],"collection":[{"href":"https:\/\/elmilagro.org.mx\/st\/wp-json\/wp\/v2\/posts"}],"about":[{"href":"https:\/\/elmilagro.org.mx\/st\/wp-json\/wp\/v2\/types\/post"}],"author":[{"embeddable":true,"href":"https:\/\/elmilagro.org.mx\/st\/wp-json\/wp\/v2\/users\/3"}],"replies":[{"embeddable":true,"href":"https:\/\/elmilagro.org.mx\/st\/wp-json\/wp\/v2\/comments?post=785"}],"version-history":[{"count":0,"href":"https:\/\/elmilagro.org.mx\/st\/wp-json\/wp\/v2\/posts\/785\/revisions"}],"wp:featuredmedia":[{"embeddable":true,"href":"https:\/\/elmilagro.org.mx\/st\/wp-json\/wp\/v2\/media\/789"}],"wp:attachment":[{"href":"https:\/\/elmilagro.org.mx\/st\/wp-json\/wp\/v2\/media?parent=785"}],"wp:term":[{"taxonomy":"category","embeddable":true,"href":"https:\/\/elmilagro.org.mx\/st\/wp-json\/wp\/v2\/categories?post=785"},{"taxonomy":"post_tag","embeddable":true,"href":"https:\/\/elmilagro.org.mx\/st\/wp-json\/wp\/v2\/tags?post=785"}],"curies":[{"name":"wp","href":"https:\/\/api.w.org\/{rel}","templated":true}]}}