{"id":740,"date":"2017-08-17T20:22:06","date_gmt":"2017-08-17T20:22:06","guid":{"rendered":"http:\/\/bantics.xyz\/bgmil\/?p=740"},"modified":"2017-08-17T20:22:06","modified_gmt":"2017-08-17T20:22:06","slug":"eva-peron","status":"publish","type":"post","link":"https:\/\/elmilagro.org.mx\/st\/eva-peron\/","title":{"rendered":"Eva Per\u00f3n"},"content":{"rendered":"[mk_page_section video_loop=&#8221;false&#8221; min_height=&#8221;0&#8243; padding_top=&#8221;0&#8243; padding_bottom=&#8221;0&#8243; sidebar=&#8221;sidebar-1&#8243;][vc_column width=&#8221;2\/3&#8243;][vc_row_inner][vc_column_inner width=&#8221;1\/2&#8243;][mk_gallery images=&#8221;741,742,743,744&#8243; column=&#8221;2&#8243; image_size=&#8221;large&#8221; item_spacing=&#8221;4&#8243; margin_bottom=&#8221;35&#8243;][\/vc_column_inner][vc_column_inner width=&#8221;1\/2&#8243;][mk_fancy_title tag_name=&#8221;span&#8221; margin_bottom=&#8221;0&#8243; font_family=&#8221;none&#8221;]<strong>Copi<\/strong><\/p>\n<p>&nbsp;<\/p>\n<style type=\"text\/css\">html { font-family: \"Color Emoji\", \"Calibri\", \"Segoe UI\", \"Meiryo\", \"Microsoft YaHei UI\", \"Microsoft JhengHei UI\", \"Malgun Gothic\", \"sans-serif\"; }<\/style>\n<p><strong>Elenco<\/strong><\/p>\n<p>Julieta Egurrola, Daniel Gim\u00e9nez Cacho, Enrique<br \/>\nArreola, Mariana Gim\u00e9nez, Odille Laur\u00eda, Juan Carlos Barreto, Boris Schoemann y\u00a0Ver\u00f3nica Segura.<\/p>\n<p><strong>La iluminaci\u00f3n y escenograf\u00eda <\/strong><\/p>\n<p>Gabriel Pascal<\/p>\n<p><strong>Traducci\u00f3n\u00a0<\/strong><\/p>\n<p>Joani Hocquenghem<br \/>\n<strong>Estreno<\/strong><br \/>\n2005[\/mk_fancy_title][\/vc_column_inner][\/vc_row_inner][mk_divider][mk_fancy_title tag_name=&#8221;span&#8221; margin_bottom=&#8221;0&#8243; font_family=&#8221;none&#8221;]<strong>Sinopsis<\/strong><\/p>\n<style type=\"text\/css\">html { font-family: \"Color Emoji\", \"Calibri\", \"Segoe UI\", \"Meiryo\", \"Microsoft YaHei UI\", \"Microsoft JhengHei UI\", \"Malgun Gothic\", \"sans-serif\"; }<\/style>\n<p><!--StartFragment --><\/p>\n<p>Tr\u00edptico copi<\/p>\n<p style=\"text-align: center;\"><strong>&#8220;Eva Per\u00f3n&#8221;<\/strong><\/p>\n<p style=\"text-align: center;\"><strong>direcci\u00f3n de Catherine Marn\u00e1s<\/strong><\/p>\n<p style=\"text-align: center;\">La Eva Per\u00f3n presentada aqu\u00ed queda muy lejos del hecho hist\u00f3rico, como\u00a0la santa Evita que qued\u00f3 en la leyenda. &#8220;M\u00e1s all\u00e1 del hecho real, Copi\u00a0era argentino y su padre antiperonista, entonces la met\u00e1fora de Cop\u00ed se torna\u00a0pol\u00edtica; toma el ejemplo de Eva para hablar\u00a0del poder. Desmitifica al poder con una historia\u00a0rom\u00e1ntica que tiene mucho de s\u00f3rdido por detr\u00e1s&#8221;,<\/p>\n<p style=\"text-align: center;\"><strong>&#8220;El homosexual o la dificultad de expresarse&#8221;<\/strong><\/p>\n<p style=\"text-align: center;\"><strong>direcci\u00f3n de Daniel Gim\u00e9nez Cacho<\/strong><\/p>\n<p style=\"text-align: center;\">La historia transcurre en un enredo entre una madre e hija, que queda<br \/>\nembarazada. Al cuestionarle la madre de qui\u00e9n es, ella responde &#8220;\u00a1pues tuyo!&#8221;.<br \/>\n&#8220;El autor exige que el p\u00fablico est\u00e9 atento a la historia de este par<br \/>\nde transexuales\u00a0refugiados en Siberia que sobreviven gracias a la pensi\u00f3n del t\u00edo<br \/>\nPedro; el espectador\u00a0nunca se puede relajar porque en el escenario no hay nada predecible,\u00a0pese a que en\u00a0su forma es bastante convencional. En el autor hay un placer de\u00a0provocar, pero no de\u00a0shockear con cosas aterradoras, por eso te cambia las cartas todo el\u00a0tiempo para que est\u00e9s alerta&#8221;.<\/p>\n<p style=\"text-align: center;\"><strong>&#8220;Las cuatro gemelas&#8221;<\/strong><\/p>\n<p style=\"text-align: center;\"><strong>direcci\u00f3n de Carlos Calvo<\/strong><\/p>\n<p style=\"text-align: center;\">Una historia del\u00a0absurdo de dos buscadores de oro que al encontrarse con otras personas\u00a0supuestamente adineradas se desencadenan un manicomio de muerte y\u00a0resurrecciones, una org\u00eda teatral.<!--EndFragment --><\/p>\n<p class=\"p1\"><strong>Notas cr\u00edticas<\/strong><\/p>\n[\/mk_fancy_title][\/vc_column][vc_column width=&#8221;1\/3&#8243;][vc_widget_sidebar sidebar_id=&#8221;sidebar-2&#8243;][\/vc_column][\/mk_page_section]\n","protected":false},"excerpt":{"rendered":"<p>[mk_page_section video_loop=&#8221;false&#8221; min_height=&#8221;0&#8243; padding_top=&#8221;0&#8243; padding_bottom=&#8221;0&#8243; sidebar=&#8221;sidebar-1&#8243;][vc_column width=&#8221;2\/3&#8243;][vc_row_inner][vc_column_inner width=&#8221;1\/2&#8243;][mk_gallery images=&#8221;741,742,743,744&#8243; column=&#8221;2&#8243; image_size=&#8221;large&#8221; item_spacing=&#8221;4&#8243; margin_bottom=&#8221;35&#8243;][\/vc_column_inner][vc_column_inner width=&#8221;1\/2&#8243;][mk_fancy_title tag_name=&#8221;span&#8221; margin_bottom=&#8221;0&#8243; font_family=&#8221;none&#8221;]Copi &nbsp; Elenco Julieta Egurrola, Daniel Gim\u00e9nez Cacho, Enrique Arreola, Mariana Gim\u00e9nez, Odille Laur\u00eda, Juan Carlos Barreto, Boris Schoemann y\u00a0Ver\u00f3nica Segura. La iluminaci\u00f3n y escenograf\u00eda Gabriel Pascal Traducci\u00f3n\u00a0 Joani Hocquenghem Estreno 2005[\/mk_fancy_title][\/vc_column_inner][\/vc_row_inner][mk_divider][mk_fancy_title tag_name=&#8221;span&#8221; margin_bottom=&#8221;0&#8243; font_family=&#8221;none&#8221;]Sinopsis Tr\u00edptico copi &#8220;Eva Per\u00f3n&#8221; [&hellip;]<\/p>\n","protected":false},"author":3,"featured_media":741,"comment_status":"open","ping_status":"open","sticky":false,"template":"","format":"standard","meta":[],"categories":[3,5,7],"tags":[11,10,8],"_links":{"self":[{"href":"https:\/\/elmilagro.org.mx\/st\/wp-json\/wp\/v2\/posts\/740"}],"collection":[{"href":"https:\/\/elmilagro.org.mx\/st\/wp-json\/wp\/v2\/posts"}],"about":[{"href":"https:\/\/elmilagro.org.mx\/st\/wp-json\/wp\/v2\/types\/post"}],"author":[{"embeddable":true,"href":"https:\/\/elmilagro.org.mx\/st\/wp-json\/wp\/v2\/users\/3"}],"replies":[{"embeddable":true,"href":"https:\/\/elmilagro.org.mx\/st\/wp-json\/wp\/v2\/comments?post=740"}],"version-history":[{"count":0,"href":"https:\/\/elmilagro.org.mx\/st\/wp-json\/wp\/v2\/posts\/740\/revisions"}],"wp:featuredmedia":[{"embeddable":true,"href":"https:\/\/elmilagro.org.mx\/st\/wp-json\/wp\/v2\/media\/741"}],"wp:attachment":[{"href":"https:\/\/elmilagro.org.mx\/st\/wp-json\/wp\/v2\/media?parent=740"}],"wp:term":[{"taxonomy":"category","embeddable":true,"href":"https:\/\/elmilagro.org.mx\/st\/wp-json\/wp\/v2\/categories?post=740"},{"taxonomy":"post_tag","embeddable":true,"href":"https:\/\/elmilagro.org.mx\/st\/wp-json\/wp\/v2\/tags?post=740"}],"curies":[{"name":"wp","href":"https:\/\/api.w.org\/{rel}","templated":true}]}}