{"id":7389,"date":"2025-03-16T11:16:49","date_gmt":"2025-03-16T17:16:49","guid":{"rendered":"https:\/\/elmilagro.org.mx\/st\/?p=7389"},"modified":"2026-01-15T13:47:37","modified_gmt":"2026-01-15T19:47:37","slug":"y-a-mi-que-carajos-lisistrata","status":"publish","type":"post","link":"https:\/\/elmilagro.org.mx\/st\/y-a-mi-que-carajos-lisistrata\/","title":{"rendered":"\u00bfY a m\u00ed qu\u00e9 carajos, Lis\u00edstrata?"},"content":{"rendered":"\n<figure class=\"wp-block-image size-large\"><img loading=\"lazy\" width=\"1024\" height=\"1024\" src=\"https:\/\/elmilagro.org.mx\/st\/wp-content\/uploads\/2025\/03\/58c0dbc5-3957-4c32-afd3-be6c9f2831b3-1-1024x1024.jpeg\" alt=\"\" class=\"wp-image-7390\" srcset=\"https:\/\/elmilagro.org.mx\/st\/wp-content\/uploads\/2025\/03\/58c0dbc5-3957-4c32-afd3-be6c9f2831b3-1-1024x1024.jpeg 1024w, https:\/\/elmilagro.org.mx\/st\/wp-content\/uploads\/2025\/03\/58c0dbc5-3957-4c32-afd3-be6c9f2831b3-1-300x300.jpeg 300w, https:\/\/elmilagro.org.mx\/st\/wp-content\/uploads\/2025\/03\/58c0dbc5-3957-4c32-afd3-be6c9f2831b3-1-150x150.jpeg 150w, https:\/\/elmilagro.org.mx\/st\/wp-content\/uploads\/2025\/03\/58c0dbc5-3957-4c32-afd3-be6c9f2831b3-1-768x768.jpeg 768w, https:\/\/elmilagro.org.mx\/st\/wp-content\/uploads\/2025\/03\/58c0dbc5-3957-4c32-afd3-be6c9f2831b3-1-1536x1536.jpeg 1536w, https:\/\/elmilagro.org.mx\/st\/wp-content\/uploads\/2025\/03\/58c0dbc5-3957-4c32-afd3-be6c9f2831b3-1-2048x2048.jpeg 2048w, https:\/\/elmilagro.org.mx\/st\/wp-content\/uploads\/2025\/03\/58c0dbc5-3957-4c32-afd3-be6c9f2831b3-1-266x266.jpeg 266w, https:\/\/elmilagro.org.mx\/st\/wp-content\/uploads\/2025\/03\/58c0dbc5-3957-4c32-afd3-be6c9f2831b3-1.jpeg 1080w\" sizes=\"(max-width: 1024px) 100vw, 1024px\" \/><\/figure>\n\n\n<table>\n<tbody>\n<tr>\n<td>\n<p><span style=\"font-weight: 400;\">Nombre de la obra:<\/span><\/p>\n<\/td>\n<td>\n<p><span style=\"font-weight: 400;\">\u00bfY a m\u00ed qu\u00e9 carajos Lis\u00edstrata?<\/span><\/p>\n<\/td>\n<\/tr>\n<tr>\n<td>\n<p><span style=\"font-weight: 400;\">Dramaturgia (Idea original):<\/span><\/p>\n<\/td>\n<td>\n<p><span style=\"font-weight: 400;\">Antonio Pe\u00f1\u00fa\u00f1uri<\/span><\/p>\n<\/td>\n<\/tr>\n<tr>\n<td>\n<p><span style=\"font-weight: 400;\">Direcci\u00f3n:<\/span><\/p>\n<\/td>\n<td>\n<p><span style=\"font-weight: 400;\">Antonio Pe\u00f1\u00fa\u00f1uri<\/span><\/p>\n<\/td>\n<\/tr>\n<tr>\n<td>\n<p><span style=\"font-weight: 400;\">Elenco:<\/span><\/p>\n<\/td>\n<td>\n<p><span style=\"font-weight: 400;\">Altea Santiago, Diana C\u00e1zares, Gabyta Garc\u00eda, Grecia Atilano, David Calva, Federico L\u00e1zaro, Francisco Buentello, Heber Medina, Ram\u00f3n Hern\u00e1ndez.<\/span><\/p>\n<\/td>\n<\/tr>\n<tr>\n<td>\n<p><span style=\"font-weight: 400;\">Producci\u00f3n:<\/span><\/p>\n<\/td>\n<td>\n<p><span style=\"font-weight: 400;\">Colectivo En la Cuerda Floja.<\/span><\/p>\n<\/td>\n<\/tr>\n<tr>\n<td>\n<p><span style=\"font-weight: 400;\">G\u00e9nero:<\/span><\/p>\n<\/td>\n<td>\n<p><span style=\"font-weight: 400;\">Tragicomedia<\/span><\/p>\n<\/td>\n<\/tr>\n<tr>\n<td>\n<p><span style=\"font-weight: 400;\">Temporada:<\/span><\/p>\n<\/td>\n<td>\n<p><span style=\"font-weight: 400;\">Del 31 de marzo al 14 de abril y del 28 de abril al 19 de mayo.<\/span><\/p>\n<\/td>\n<\/tr>\n<tr>\n<td>\n<p><span style=\"font-weight: 400;\">Horarios:<\/span><\/p>\n<\/td>\n<td>\n<p><span style=\"font-weight: 400;\">Lunes 8 pm<\/span><\/p>\n<\/td>\n<\/tr>\n<tr>\n<td>\n<p><span style=\"font-weight: 400;\">Teatro:<\/span><\/p>\n<\/td>\n<td>\n<p><span style=\"font-weight: 400;\">El Milagro<\/span><\/p>\n<\/td>\n<\/tr>\n<tr>\n<td>\n<p><span style=\"font-weight: 400;\">Costo de boleto:<\/span><\/p>\n<\/td>\n<td>\n<p><span style=\"font-weight: 400;\">300 pesos<\/span><\/p>\n<\/td>\n<\/tr>\n<tr>\n<td>\n<p><span style=\"font-weight: 400;\">Clasificaci\u00f3n:<\/span><\/p>\n<\/td>\n<td>\n<p><span style=\"font-weight: 400;\">18+<\/span><\/p>\n<\/td>\n<\/tr>\n<tr>\n<td>\n<p><span style=\"font-weight: 400;\">Duraci\u00f3n:<\/span><\/p>\n<\/td>\n<td>\n<p><span style=\"font-weight: 400;\">1 hra 50 minutos<\/span><\/p>\n<\/td>\n<\/tr>\n<tr>\n<td>\n<p><span style=\"font-weight: 400;\">Breve sinopsis:<\/span><\/p>\n<\/td>\n<td>\n<p><span style=\"font-weight: 400;\">Lis\u00edstrata es una de las comedias de la Grecia Cl\u00e1sica m\u00e1s representadas de todos los tiempos, fue escrita por Arist\u00f3fanes en el a\u00f1o 411 a.C.&nbsp;<\/span><\/p>\n<p><span style=\"font-weight: 400;\">La an\u00e9cdota nos presenta a la hero\u00edna griega ideando un contundente y osado plan para obligar a sus guerreros maridos a terminar la guerra contra Esparta: Cerrarles a los varones las arcas de donde nutren sus ej\u00e9rcitos y cerrarles, de paso, el suministro sexual.&nbsp; Hasta aqu\u00ed la sinopsis de esta obra. Lo que sigue es nuestra propuesta: El cruce entre esta p\u00edcara y aleccionadora comedia, y las vicisitudes de un grupo de mujeres -y por tanto, de sus hombres- que encaran torpe, terca y anhelantemente sus lastimados y fracturados mundos filiales y er\u00f3ticos.<\/span><\/p>\n<\/td>\n<\/tr>\n<\/tbody>\n<\/table>\n\n\n<figure class=\"wp-block-gallery has-nested-images columns-default is-cropped\">\n<figure class=\"wp-block-image size-large\"><img loading=\"lazy\" width=\"1024\" height=\"1024\" data-id=\"7394\"  src=\"https:\/\/elmilagro.org.mx\/st\/wp-content\/uploads\/2025\/03\/0d6a9823-1024x1024.jpg\" alt=\"\" class=\"wp-image-7394\" srcset=\"https:\/\/elmilagro.org.mx\/st\/wp-content\/uploads\/2025\/03\/0d6a9823-1024x1024.jpg 1024w, https:\/\/elmilagro.org.mx\/st\/wp-content\/uploads\/2025\/03\/0d6a9823-300x300.jpg 300w, https:\/\/elmilagro.org.mx\/st\/wp-content\/uploads\/2025\/03\/0d6a9823-150x150.jpg 150w, https:\/\/elmilagro.org.mx\/st\/wp-content\/uploads\/2025\/03\/0d6a9823-1536x1536.jpg 1536w, https:\/\/elmilagro.org.mx\/st\/wp-content\/uploads\/2025\/03\/0d6a9823-2048x2048.jpg 2048w\" sizes=\"(max-width: 1024px) 100vw, 1024px\" \/><\/figure>\n\n\n\n<figure class=\"wp-block-image size-large\"><img loading=\"lazy\" width=\"1024\" height=\"1024\" data-id=\"7391\"  src=\"https:\/\/elmilagro.org.mx\/st\/wp-content\/uploads\/2025\/03\/0d6a9768-1024x1024.jpg\" alt=\"\" class=\"wp-image-7391\" srcset=\"https:\/\/elmilagro.org.mx\/st\/wp-content\/uploads\/2025\/03\/0d6a9768-1024x1024.jpg 1024w, https:\/\/elmilagro.org.mx\/st\/wp-content\/uploads\/2025\/03\/0d6a9768-300x300.jpg 300w, https:\/\/elmilagro.org.mx\/st\/wp-content\/uploads\/2025\/03\/0d6a9768-150x150.jpg 150w, https:\/\/elmilagro.org.mx\/st\/wp-content\/uploads\/2025\/03\/0d6a9768-1536x1536.jpg 1536w, https:\/\/elmilagro.org.mx\/st\/wp-content\/uploads\/2025\/03\/0d6a9768-2048x2048.jpg 2048w\" sizes=\"(max-width: 1024px) 100vw, 1024px\" \/><\/figure>\n\n\n\n<figure class=\"wp-block-image size-large\"><img loading=\"lazy\" width=\"1024\" height=\"1024\" data-id=\"7393\"  src=\"https:\/\/elmilagro.org.mx\/st\/wp-content\/uploads\/2025\/03\/0d6a9753-1024x1024.jpg\" alt=\"\" class=\"wp-image-7393\" srcset=\"https:\/\/elmilagro.org.mx\/st\/wp-content\/uploads\/2025\/03\/0d6a9753-1024x1024.jpg 1024w, https:\/\/elmilagro.org.mx\/st\/wp-content\/uploads\/2025\/03\/0d6a9753-300x300.jpg 300w, https:\/\/elmilagro.org.mx\/st\/wp-content\/uploads\/2025\/03\/0d6a9753-150x150.jpg 150w, https:\/\/elmilagro.org.mx\/st\/wp-content\/uploads\/2025\/03\/0d6a9753-1536x1536.jpg 1536w, https:\/\/elmilagro.org.mx\/st\/wp-content\/uploads\/2025\/03\/0d6a9753-2048x2048.jpg 2048w\" sizes=\"(max-width: 1024px) 100vw, 1024px\" \/><\/figure>\n\n\n\n<figure class=\"wp-block-image size-large\"><img loading=\"lazy\" width=\"1024\" height=\"1024\" data-id=\"7396\"  src=\"https:\/\/elmilagro.org.mx\/st\/wp-content\/uploads\/2025\/03\/0d6a9706-1024x1024.jpg\" alt=\"\" class=\"wp-image-7396\" srcset=\"https:\/\/elmilagro.org.mx\/st\/wp-content\/uploads\/2025\/03\/0d6a9706-1024x1024.jpg 1024w, https:\/\/elmilagro.org.mx\/st\/wp-content\/uploads\/2025\/03\/0d6a9706-300x300.jpg 300w, https:\/\/elmilagro.org.mx\/st\/wp-content\/uploads\/2025\/03\/0d6a9706-150x150.jpg 150w, https:\/\/elmilagro.org.mx\/st\/wp-content\/uploads\/2025\/03\/0d6a9706-1536x1536.jpg 1536w, https:\/\/elmilagro.org.mx\/st\/wp-content\/uploads\/2025\/03\/0d6a9706-2048x2048.jpg 2048w\" sizes=\"(max-width: 1024px) 100vw, 1024px\" \/><\/figure>\n\n\n\n<figure class=\"wp-block-image size-large\"><img loading=\"lazy\" width=\"1024\" height=\"1024\" data-id=\"7395\"  src=\"https:\/\/elmilagro.org.mx\/st\/wp-content\/uploads\/2025\/03\/0d6a9689-1024x1024.jpg\" alt=\"\" class=\"wp-image-7395\" srcset=\"https:\/\/elmilagro.org.mx\/st\/wp-content\/uploads\/2025\/03\/0d6a9689-1024x1024.jpg 1024w, https:\/\/elmilagro.org.mx\/st\/wp-content\/uploads\/2025\/03\/0d6a9689-300x300.jpg 300w, https:\/\/elmilagro.org.mx\/st\/wp-content\/uploads\/2025\/03\/0d6a9689-150x150.jpg 150w, https:\/\/elmilagro.org.mx\/st\/wp-content\/uploads\/2025\/03\/0d6a9689-1536x1536.jpg 1536w, https:\/\/elmilagro.org.mx\/st\/wp-content\/uploads\/2025\/03\/0d6a9689-2048x2048.jpg 2048w\" sizes=\"(max-width: 1024px) 100vw, 1024px\" \/><\/figure>\n\n\n\n<figure class=\"wp-block-image size-large\"><img loading=\"lazy\" width=\"1024\" height=\"1024\" data-id=\"7392\"  src=\"https:\/\/elmilagro.org.mx\/st\/wp-content\/uploads\/2025\/03\/0d6a9664-1024x1024.jpg\" alt=\"\" class=\"wp-image-7392\" srcset=\"https:\/\/elmilagro.org.mx\/st\/wp-content\/uploads\/2025\/03\/0d6a9664-1024x1024.jpg 1024w, https:\/\/elmilagro.org.mx\/st\/wp-content\/uploads\/2025\/03\/0d6a9664-300x300.jpg 300w, https:\/\/elmilagro.org.mx\/st\/wp-content\/uploads\/2025\/03\/0d6a9664-150x150.jpg 150w, https:\/\/elmilagro.org.mx\/st\/wp-content\/uploads\/2025\/03\/0d6a9664-1536x1536.jpg 1536w, https:\/\/elmilagro.org.mx\/st\/wp-content\/uploads\/2025\/03\/0d6a9664-2048x2048.jpg 2048w\" sizes=\"(max-width: 1024px) 100vw, 1024px\" \/><\/figure>\n<\/figure>\n\n\n\n<div class=\"wp-container-1 wp-block-buttons\">\n<div class=\"wp-block-button\"><a class=\"wp-block-button__link\" href=\"http:\/\/yamiquecarajoslisistrata.boletopolis.com\/\">COMPRA AQU\u00cd TUS BOLETOS<\/a><\/div>\n<\/div>\n\n\n\n<p><\/p>\n","protected":false},"excerpt":{"rendered":"<p>Nombre de la obra: \u00bfY a m\u00ed qu\u00e9 carajos Lis\u00edstrata? Dramaturgia (Idea original): Antonio Pe\u00f1\u00fa\u00f1uri Direcci\u00f3n: Antonio Pe\u00f1\u00fa\u00f1uri Elenco: Altea Santiago, Diana C\u00e1zares, Gabyta Garc\u00eda, Grecia Atilano, David Calva, Federico L\u00e1zaro, Francisco Buentello, Heber Medina, Ram\u00f3n Hern\u00e1ndez. Producci\u00f3n: Colectivo En la Cuerda Floja. G\u00e9nero: Tragicomedia Temporada: Del 31 de marzo al 14 de abril y [&hellip;]<\/p>\n","protected":false},"author":4,"featured_media":7390,"comment_status":"open","ping_status":"open","sticky":false,"template":"","format":"standard","meta":[],"categories":[2,21,23],"tags":[],"_links":{"self":[{"href":"https:\/\/elmilagro.org.mx\/st\/wp-json\/wp\/v2\/posts\/7389"}],"collection":[{"href":"https:\/\/elmilagro.org.mx\/st\/wp-json\/wp\/v2\/posts"}],"about":[{"href":"https:\/\/elmilagro.org.mx\/st\/wp-json\/wp\/v2\/types\/post"}],"author":[{"embeddable":true,"href":"https:\/\/elmilagro.org.mx\/st\/wp-json\/wp\/v2\/users\/4"}],"replies":[{"embeddable":true,"href":"https:\/\/elmilagro.org.mx\/st\/wp-json\/wp\/v2\/comments?post=7389"}],"version-history":[{"count":2,"href":"https:\/\/elmilagro.org.mx\/st\/wp-json\/wp\/v2\/posts\/7389\/revisions"}],"predecessor-version":[{"id":7441,"href":"https:\/\/elmilagro.org.mx\/st\/wp-json\/wp\/v2\/posts\/7389\/revisions\/7441"}],"wp:featuredmedia":[{"embeddable":true,"href":"https:\/\/elmilagro.org.mx\/st\/wp-json\/wp\/v2\/media\/7390"}],"wp:attachment":[{"href":"https:\/\/elmilagro.org.mx\/st\/wp-json\/wp\/v2\/media?parent=7389"}],"wp:term":[{"taxonomy":"category","embeddable":true,"href":"https:\/\/elmilagro.org.mx\/st\/wp-json\/wp\/v2\/categories?post=7389"},{"taxonomy":"post_tag","embeddable":true,"href":"https:\/\/elmilagro.org.mx\/st\/wp-json\/wp\/v2\/tags?post=7389"}],"curies":[{"name":"wp","href":"https:\/\/api.w.org\/{rel}","templated":true}]}}