{"id":6980,"date":"2024-10-29T16:25:58","date_gmt":"2024-10-29T22:25:58","guid":{"rendered":"https:\/\/elmilagro.org.mx\/st\/?p=6980"},"modified":"2025-02-02T11:52:35","modified_gmt":"2025-02-02T17:52:35","slug":"lo-comun-work-in-progress","status":"publish","type":"post","link":"https:\/\/elmilagro.org.mx\/st\/lo-comun-work-in-progress\/","title":{"rendered":"Lo Com\u00fan: Work in progress"},"content":{"rendered":"\n<figure class=\"wp-block-image size-large\"><img loading=\"lazy\" width=\"1024\" height=\"1024\" src=\"https:\/\/elmilagro.org.mx\/st\/wp-content\/uploads\/2024\/10\/vinil-_-teatro-el-milagro-_-lo-comun-1-1024x1024.png\" alt=\"\" class=\"wp-image-6983\" srcset=\"https:\/\/elmilagro.org.mx\/st\/wp-content\/uploads\/2024\/10\/vinil-_-teatro-el-milagro-_-lo-comun-1-1024x1024.png 1024w, https:\/\/elmilagro.org.mx\/st\/wp-content\/uploads\/2024\/10\/vinil-_-teatro-el-milagro-_-lo-comun-1-300x300.png 300w, https:\/\/elmilagro.org.mx\/st\/wp-content\/uploads\/2024\/10\/vinil-_-teatro-el-milagro-_-lo-comun-1-150x150.png 150w, https:\/\/elmilagro.org.mx\/st\/wp-content\/uploads\/2024\/10\/vinil-_-teatro-el-milagro-_-lo-comun-1-1536x1536.png 1536w, https:\/\/elmilagro.org.mx\/st\/wp-content\/uploads\/2024\/10\/vinil-_-teatro-el-milagro-_-lo-comun-1-2048x2048.png 2048w, https:\/\/elmilagro.org.mx\/st\/wp-content\/uploads\/2024\/10\/vinil-_-teatro-el-milagro-_-lo-comun-1-266x266.png 266w\" sizes=\"(max-width: 1024px) 100vw, 1024px\" \/><\/figure>\n\n\n<h1><span style=\"font-weight: 400;\">Lo com\u00fan: <\/span><span style=\"font-weight: 400;\">Work in progress<\/span><\/h1>\n<p><em><span style=\"font-weight: 400;\">\u00c9sta es la historia de ese instante. <\/span><\/em><\/p>\n<p><\/p>\n<p><span style=\"font-weight: 400;\">Direcci\u00f3n: Sim\u00f3n Franco<\/span><\/p>\n<p><span style=\"font-weight: 400;\">Dramaturgia: Jos\u00e9 Emilio Hern\u00e1ndez&nbsp;<\/span><\/p>\n<p><\/p>\n<p><i><span style=\"font-weight: 400;\">Lo com\u00fan <\/span><\/i><span style=\"font-weight: 400;\">es una creaci\u00f3n colectiva coordinada por La Compa\u00f1iasauria, bajo la direcci\u00f3n de Sim\u00f3n Franco y la dramaturgia de Jos\u00e9 Emilio Hern\u00e1ndez. Un ensayo esc\u00e9nico en torno a la pregunta: \u00bfC\u00f3mo vivir en com\u00fan?. Los int\u00e9rpretes: Aleks Le\u00f3n, Janeth Pi\u00f1a, Norma Su\u00e1rez y Ulises Mart\u00ednez Mart\u00ednez hacen del espacio esc\u00e9nico su casa, una casa que se cae a pedazos, pero que les sirve de refugio \u00bfContra qu\u00e9? \u00bfLa precariedad, el tiempo, la soledad? Quieren vivir distinto, pero sus vidas est\u00e1n atravesadas por el trabajo y sus relaciones de explotaci\u00f3n y miseria; quieren construir otro mundo en las dimensiones de una casa. El experimento fracasa, vuelven a intentar y tambi\u00e9n vuelven a fracasar. Est\u00e1n quiz\u00e1s atrapados en un ciclo eterno llamado Historia, pero alg\u00fan d\u00eda podr\u00e1n interrumpirlo.&nbsp;<\/span><\/p>\n<p><\/p>\n<p><span style=\"font-weight: 400;\"><i>Lo com\u00fan<\/i> celebrar\u00e1 \u00fanicamente dos funciones como parte del Ciclo de Emergentes 2024 de Teatro El Milagro.&nbsp;<\/span><\/p>\n<ul>\n<li><span style=\"font-weight: 400;\">Boleto general: $300 MXN <strong>aplican descuentos<\/strong>.&nbsp;<\/span><\/li>\n<li><span style=\"font-weight: 400;\">26 mar. 20 h. <\/span><\/li>\n<li><span style=\"font-weight: 400;\">27 mi\u00e9. 20 h.&nbsp;<\/span><\/li>\n<\/ul>\n<p><span style=\"font-weight: 400;\">Calle Mil\u00e1n 24, Ju\u00e1rez, Cuauht\u00e9moc, 06600, CDMX<\/span><\/p>\n<p><\/p>\n\n\n<figure class=\"wp-block-gallery has-nested-images columns-default is-cropped\">\n<figure class=\"wp-block-image size-large\"><img loading=\"lazy\" width=\"1024\" height=\"1024\" data-id=\"6985\"  src=\"https:\/\/elmilagro.org.mx\/st\/wp-content\/uploads\/2024\/10\/5_locomun-1-1024x1024.jpg\" alt=\"\" class=\"wp-image-6985\" srcset=\"https:\/\/elmilagro.org.mx\/st\/wp-content\/uploads\/2024\/10\/5_locomun-1-1024x1024.jpg 1024w, https:\/\/elmilagro.org.mx\/st\/wp-content\/uploads\/2024\/10\/5_locomun-1-300x300.jpg 300w, https:\/\/elmilagro.org.mx\/st\/wp-content\/uploads\/2024\/10\/5_locomun-1-150x150.jpg 150w, https:\/\/elmilagro.org.mx\/st\/wp-content\/uploads\/2024\/10\/5_locomun-1-1536x1536.jpg 1536w, https:\/\/elmilagro.org.mx\/st\/wp-content\/uploads\/2024\/10\/5_locomun-1-2048x2048.jpg 2048w\" sizes=\"(max-width: 1024px) 100vw, 1024px\" \/><\/figure>\n\n\n\n<figure class=\"wp-block-image size-large\"><img loading=\"lazy\" width=\"1024\" height=\"1024\" data-id=\"6987\"  src=\"https:\/\/elmilagro.org.mx\/st\/wp-content\/uploads\/2024\/10\/6_locomun-1024x1024.jpg\" alt=\"\" class=\"wp-image-6987\" srcset=\"https:\/\/elmilagro.org.mx\/st\/wp-content\/uploads\/2024\/10\/6_locomun-1024x1024.jpg 1024w, https:\/\/elmilagro.org.mx\/st\/wp-content\/uploads\/2024\/10\/6_locomun-300x300.jpg 300w, https:\/\/elmilagro.org.mx\/st\/wp-content\/uploads\/2024\/10\/6_locomun-150x150.jpg 150w, https:\/\/elmilagro.org.mx\/st\/wp-content\/uploads\/2024\/10\/6_locomun-1536x1536.jpg 1536w, https:\/\/elmilagro.org.mx\/st\/wp-content\/uploads\/2024\/10\/6_locomun-2048x2048.jpg 2048w\" sizes=\"(max-width: 1024px) 100vw, 1024px\" \/><\/figure>\n\n\n\n<figure class=\"wp-block-image size-large\"><img loading=\"lazy\" width=\"1024\" height=\"1024\" data-id=\"6986\"  src=\"https:\/\/elmilagro.org.mx\/st\/wp-content\/uploads\/2024\/10\/3_locomun-1024x1024.jpg\" alt=\"\" class=\"wp-image-6986\" srcset=\"https:\/\/elmilagro.org.mx\/st\/wp-content\/uploads\/2024\/10\/3_locomun-1024x1024.jpg 1024w, https:\/\/elmilagro.org.mx\/st\/wp-content\/uploads\/2024\/10\/3_locomun-300x300.jpg 300w, https:\/\/elmilagro.org.mx\/st\/wp-content\/uploads\/2024\/10\/3_locomun-150x150.jpg 150w, https:\/\/elmilagro.org.mx\/st\/wp-content\/uploads\/2024\/10\/3_locomun-1536x1536.jpg 1536w, https:\/\/elmilagro.org.mx\/st\/wp-content\/uploads\/2024\/10\/3_locomun-2048x2048.jpg 2048w\" sizes=\"(max-width: 1024px) 100vw, 1024px\" \/><\/figure>\n\n\n\n<figure class=\"wp-block-image size-large\"><img loading=\"lazy\" width=\"1024\" height=\"1024\" data-id=\"6988\"  src=\"https:\/\/elmilagro.org.mx\/st\/wp-content\/uploads\/2024\/10\/2_locomun-1024x1024.jpg\" alt=\"\" class=\"wp-image-6988\" srcset=\"https:\/\/elmilagro.org.mx\/st\/wp-content\/uploads\/2024\/10\/2_locomun-1024x1024.jpg 1024w, https:\/\/elmilagro.org.mx\/st\/wp-content\/uploads\/2024\/10\/2_locomun-300x300.jpg 300w, https:\/\/elmilagro.org.mx\/st\/wp-content\/uploads\/2024\/10\/2_locomun-150x150.jpg 150w, https:\/\/elmilagro.org.mx\/st\/wp-content\/uploads\/2024\/10\/2_locomun-1536x1536.jpg 1536w, https:\/\/elmilagro.org.mx\/st\/wp-content\/uploads\/2024\/10\/2_locomun-2048x2048.jpg 2048w\" sizes=\"(max-width: 1024px) 100vw, 1024px\" \/><\/figure>\n\n\n\n<figure class=\"wp-block-image size-large\"><img loading=\"lazy\" width=\"1024\" height=\"1024\" data-id=\"6984\"  src=\"https:\/\/elmilagro.org.mx\/st\/wp-content\/uploads\/2024\/10\/1_locomun-1024x1024.jpg\" alt=\"\" class=\"wp-image-6984\" srcset=\"https:\/\/elmilagro.org.mx\/st\/wp-content\/uploads\/2024\/10\/1_locomun-1024x1024.jpg 1024w, https:\/\/elmilagro.org.mx\/st\/wp-content\/uploads\/2024\/10\/1_locomun-300x300.jpg 300w, https:\/\/elmilagro.org.mx\/st\/wp-content\/uploads\/2024\/10\/1_locomun-150x150.jpg 150w, https:\/\/elmilagro.org.mx\/st\/wp-content\/uploads\/2024\/10\/1_locomun-1536x1536.jpg 1536w, https:\/\/elmilagro.org.mx\/st\/wp-content\/uploads\/2024\/10\/1_locomun-2048x2048.jpg 2048w\" sizes=\"(max-width: 1024px) 100vw, 1024px\" \/><\/figure>\n<\/figure>\n\n\n\n<hr class=\"wp-block-separator\"\/>\n\n\n<p><\/p>\n<p><span style=\"font-weight: 400;\">Esta obra es una coproducci\u00f3n del <strong>Festival Internacional de Teatro Universitario y la C\u00e1tedra Nelson Mandela de Derechos Humanos en las Artes UNAM<\/strong>. Forma parte de un d\u00edptico esc\u00e9nico titulado <em>\u201cLo com\u00fan y lo corriente\u201d.&nbsp;<\/em><\/span><\/p>\n<p><\/p>\n<p><span style=\"font-weight: 400;\">La dramaturgista del proyecto es <strong>Gabriela Aparicio<\/strong> y a cargo de la producci\u00f3n ejecutiva se encuentra <strong>Ana Gal\u00e1n<\/strong>; en asistencia en direcci\u00f3n <strong>Miguel \u00c1ngel S\u00e1nchez Garc\u00eda<\/strong>. El dise\u00f1o de espacio e iluminaci\u00f3n est\u00e1 a cargo de <strong>Fernando Olgu\u00edn Gonz\u00e1lez<\/strong> bajo la asesor\u00eda de <strong>Jorge Kuri Neumann<\/strong>. El dise\u00f1o de vestuario es de<strong> Karla Guti\u00e9rrez<\/strong>, el dise\u00f1o sonoro por <strong>Erick Guerrero<\/strong>, la composici\u00f3n de musical fue realizada por Emiliano Jim\u00e9nez.<\/span><\/p>\n<p><\/p>\n<p><span style=\"font-weight: 400;\">Este montaje cuenta con el entrenamiento corporal de <strong>Ulises Mart\u00ednez Mart\u00ednez y Norma Su\u00e1rez<\/strong>; entrenamiento vocal de<strong> Ingrid Fueli<\/strong>, la asesor\u00eda en m\u00e1scara de <strong>Miguel Cooper<\/strong> y la asesor\u00eda en la investigaci\u00f3n y curadur\u00eda de materiales de consulta por <strong>Emilio Gal\u00e1n.<\/strong><\/span><\/p>\n<p><\/p>\n<p><span style=\"font-weight: 400;\">El equipo extiende agradecimientos a <strong>Mireille Franco, Jazm\u00edn Cato, Salom\u00f3n Mondrag\u00f3n, El Horno Teatro Estudio y a la Compa\u00f1\u00eda Nacional de Teatro,<\/strong> quienes brindaron tiempo y espacios a este proceso.&nbsp;<\/span><\/p>\n\n\n<div class=\"wp-container-1 wp-block-buttons\">\n<div class=\"wp-block-button\"><a class=\"wp-block-button__link\">COMPRA AQU\u00cd TUS BOLETOS<\/a><\/div>\n<\/div>\n\n\n\n<p><\/p>\n","protected":false},"excerpt":{"rendered":"<p>Lo com\u00fan: Work in progress \u00c9sta es la historia de ese instante. Direcci\u00f3n: Sim\u00f3n Franco Dramaturgia: Jos\u00e9 Emilio Hern\u00e1ndez&nbsp; Lo com\u00fan es una creaci\u00f3n colectiva coordinada por La Compa\u00f1iasauria, bajo la direcci\u00f3n de Sim\u00f3n Franco y la dramaturgia de Jos\u00e9 Emilio Hern\u00e1ndez. Un ensayo esc\u00e9nico en torno a la pregunta: \u00bfC\u00f3mo vivir en com\u00fan?. Los [&hellip;]<\/p>\n","protected":false},"author":4,"featured_media":6976,"comment_status":"open","ping_status":"open","sticky":false,"template":"","format":"standard","meta":[],"categories":[3,2,19],"tags":[],"_links":{"self":[{"href":"https:\/\/elmilagro.org.mx\/st\/wp-json\/wp\/v2\/posts\/6980"}],"collection":[{"href":"https:\/\/elmilagro.org.mx\/st\/wp-json\/wp\/v2\/posts"}],"about":[{"href":"https:\/\/elmilagro.org.mx\/st\/wp-json\/wp\/v2\/types\/post"}],"author":[{"embeddable":true,"href":"https:\/\/elmilagro.org.mx\/st\/wp-json\/wp\/v2\/users\/4"}],"replies":[{"embeddable":true,"href":"https:\/\/elmilagro.org.mx\/st\/wp-json\/wp\/v2\/comments?post=6980"}],"version-history":[{"count":2,"href":"https:\/\/elmilagro.org.mx\/st\/wp-json\/wp\/v2\/posts\/6980\/revisions"}],"predecessor-version":[{"id":7001,"href":"https:\/\/elmilagro.org.mx\/st\/wp-json\/wp\/v2\/posts\/6980\/revisions\/7001"}],"wp:featuredmedia":[{"embeddable":true,"href":"https:\/\/elmilagro.org.mx\/st\/wp-json\/wp\/v2\/media\/6976"}],"wp:attachment":[{"href":"https:\/\/elmilagro.org.mx\/st\/wp-json\/wp\/v2\/media?parent=6980"}],"wp:term":[{"taxonomy":"category","embeddable":true,"href":"https:\/\/elmilagro.org.mx\/st\/wp-json\/wp\/v2\/categories?post=6980"},{"taxonomy":"post_tag","embeddable":true,"href":"https:\/\/elmilagro.org.mx\/st\/wp-json\/wp\/v2\/tags?post=6980"}],"curies":[{"name":"wp","href":"https:\/\/api.w.org\/{rel}","templated":true}]}}