{"id":6935,"date":"2024-10-26T16:00:38","date_gmt":"2024-10-26T21:00:38","guid":{"rendered":"https:\/\/elmilagro.org.mx\/st\/?p=6935"},"modified":"2025-02-02T11:52:46","modified_gmt":"2025-02-02T17:52:46","slug":"oc-ye-nechca","status":"publish","type":"post","link":"https:\/\/elmilagro.org.mx\/st\/oc-ye-nechca\/","title":{"rendered":"Oc Ye Nechca"},"content":{"rendered":"\n<figure class=\"wp-block-image size-full\"><img loading=\"lazy\" width=\"623\" height=\"649\" src=\"https:\/\/elmilagro.org.mx\/st\/wp-content\/uploads\/2024\/10\/captura-de-pantalla-2024-10-26-a-las-14.59.48.png\" alt=\"\" class=\"wp-image-6947\" srcset=\"https:\/\/elmilagro.org.mx\/st\/wp-content\/uploads\/2024\/10\/captura-de-pantalla-2024-10-26-a-las-14.59.48.png 623w, https:\/\/elmilagro.org.mx\/st\/wp-content\/uploads\/2024\/10\/captura-de-pantalla-2024-10-26-a-las-14.59.48-288x300.png 288w\" sizes=\"(max-width: 623px) 100vw, 623px\" \/><\/figure>\n\n\n<h3><strong>BOLET\u00cdN DE PRENSA<\/strong><\/h3>\n<h1><strong>OC YE NECHCA<\/strong><\/h1>\n<p>\u2022 La compa\u00f1\u00eda teatral CONCIERTO CATORCE vuelve con puesta en escena<br \/>basada en un texto mexicano.<br \/>\u2022 Se trata del texto de Jaime Chabaud \u201cOC YE NECHCA (\u00c9RASE UNA VEZ)\u201d.<br \/>\u2022 La compa\u00f1\u00eda est\u00e1 conformada por reci\u00e9n egresados de la licenciatura de actuaci\u00f3n<br \/>en la escuela mexiquense CASAZUL.<br \/>\u2022 Obra bajo la direcci\u00f3n de GABRIELA N\u00da\u00d1EZ y ROX DAMI\u00c1N.<br \/>\u2022 Corta temporada en TEATRO EL MILAGRO en el XVII FESTIVAL DE TEATRO EMERGENTE.<\/p>\n<p><em>\u201c\u00bfQu\u00e9 lleva a una persona a migrar? \u00bfHasta d\u00f3nde llegamos por cumplir un sue\u00f1o? \u00bfQu\u00e9<\/em><br \/><em>estamos dispuestos a sacrificar? \u00bfCu\u00e1les son los l\u00edmites de la obediencia ante la autoridad? \u00bfQu\u00e9<\/em><br \/><em>mecanismos usamos para sobrellevar las circunstancias de la guerra? \u00bfQu\u00e9 consecuencias trae la<\/em><br \/><em>guerra? \u00bfC\u00f3mo regresan a casa los combatientes? \u00bfSiguen teniendo casa? \u00bfRegresan?<\/em><br \/><em>Cruz es un migrante mexicano que busca mejores oportunidades de vida al cruzar la frontera con<\/em><br \/><em>Estados Unidos, pero ignora lo que le depara el futuro en un pa\u00eds que no es el suyo.<\/em><\/p>\n<hr \/>\n<ul>\n<li style=\"text-align: left;\">Autor: Jaime Chabaud<\/li>\n<li style=\"text-align: left;\">Director: Gabriela N\u00fa\u00f1ez<\/li>\n<li style=\"text-align: left;\">Compa\u00f1\u00eda: Concierto Catorce<\/li>\n<li style=\"text-align: left;\">Del 15 al 24 de noviembre\u00a0<\/li>\n<li>Jueves y Viernes 20:00 horas<\/li>\n<li>S\u00e1bado 19:00 horas<\/li>\n<li>Domingo: 18 horas<\/li>\n<li style=\"text-align: left;\">Duraci\u00f3n: 100 min<\/li>\n<li>P\u00fablico: Mayores de 12 a\u00f1os<\/li>\n<\/ul>\n<p style=\"text-align: left;\">@concierto_catorce<\/p>\n<p><br style=\"font-weight: 400;\" \/><br style=\"font-weight: 400;\" \/><\/p>\n\n\n<figure class=\"wp-block-gallery has-nested-images columns-default is-cropped\">\n<figure class=\"wp-block-image size-large\"><img loading=\"lazy\" width=\"1024\" height=\"1024\" data-id=\"6940\"  src=\"https:\/\/elmilagro.org.mx\/st\/wp-content\/uploads\/2024\/10\/fotografaa3-1024x1024.jpg\" alt=\"\" class=\"wp-image-6940\" srcset=\"https:\/\/elmilagro.org.mx\/st\/wp-content\/uploads\/2024\/10\/fotografaa3-1024x1024.jpg 1024w, https:\/\/elmilagro.org.mx\/st\/wp-content\/uploads\/2024\/10\/fotografaa3-300x300.jpg 300w, https:\/\/elmilagro.org.mx\/st\/wp-content\/uploads\/2024\/10\/fotografaa3-150x150.jpg 150w, https:\/\/elmilagro.org.mx\/st\/wp-content\/uploads\/2024\/10\/fotografaa3-768x768.jpg 768w, https:\/\/elmilagro.org.mx\/st\/wp-content\/uploads\/2024\/10\/fotografaa3-1536x1536.jpg 1536w, https:\/\/elmilagro.org.mx\/st\/wp-content\/uploads\/2024\/10\/fotografaa3-2048x2048.jpg 2048w, https:\/\/elmilagro.org.mx\/st\/wp-content\/uploads\/2024\/10\/fotografaa3.jpg 1080w\" sizes=\"(max-width: 1024px) 100vw, 1024px\" \/><\/figure>\n\n\n\n<figure class=\"wp-block-image size-large\"><img loading=\"lazy\" width=\"1024\" height=\"1024\" data-id=\"6938\"  src=\"https:\/\/elmilagro.org.mx\/st\/wp-content\/uploads\/2024\/10\/fotografaa4-1024x1024.jpg\" alt=\"\" class=\"wp-image-6938\" srcset=\"https:\/\/elmilagro.org.mx\/st\/wp-content\/uploads\/2024\/10\/fotografaa4-1024x1024.jpg 1024w, https:\/\/elmilagro.org.mx\/st\/wp-content\/uploads\/2024\/10\/fotografaa4-300x300.jpg 300w, https:\/\/elmilagro.org.mx\/st\/wp-content\/uploads\/2024\/10\/fotografaa4-150x150.jpg 150w, https:\/\/elmilagro.org.mx\/st\/wp-content\/uploads\/2024\/10\/fotografaa4-768x768.jpg 768w, https:\/\/elmilagro.org.mx\/st\/wp-content\/uploads\/2024\/10\/fotografaa4-1536x1536.jpg 1536w, https:\/\/elmilagro.org.mx\/st\/wp-content\/uploads\/2024\/10\/fotografaa4-2048x2048.jpg 2048w, https:\/\/elmilagro.org.mx\/st\/wp-content\/uploads\/2024\/10\/fotografaa4.jpg 1080w\" sizes=\"(max-width: 1024px) 100vw, 1024px\" \/><\/figure>\n\n\n\n<figure class=\"wp-block-image size-large\"><img loading=\"lazy\" width=\"1024\" height=\"1024\" data-id=\"6939\"  src=\"https:\/\/elmilagro.org.mx\/st\/wp-content\/uploads\/2024\/10\/fotografaa5-1024x1024.jpg\" alt=\"\" class=\"wp-image-6939\" srcset=\"https:\/\/elmilagro.org.mx\/st\/wp-content\/uploads\/2024\/10\/fotografaa5-1024x1024.jpg 1024w, https:\/\/elmilagro.org.mx\/st\/wp-content\/uploads\/2024\/10\/fotografaa5-300x300.jpg 300w, https:\/\/elmilagro.org.mx\/st\/wp-content\/uploads\/2024\/10\/fotografaa5-150x150.jpg 150w, https:\/\/elmilagro.org.mx\/st\/wp-content\/uploads\/2024\/10\/fotografaa5-768x768.jpg 768w, https:\/\/elmilagro.org.mx\/st\/wp-content\/uploads\/2024\/10\/fotografaa5-1536x1536.jpg 1536w, https:\/\/elmilagro.org.mx\/st\/wp-content\/uploads\/2024\/10\/fotografaa5-2048x2048.jpg 2048w, https:\/\/elmilagro.org.mx\/st\/wp-content\/uploads\/2024\/10\/fotografaa5.jpg 1080w\" sizes=\"(max-width: 1024px) 100vw, 1024px\" \/><\/figure>\n\n\n\n<figure class=\"wp-block-image size-large\"><img loading=\"lazy\" width=\"1024\" height=\"1024\" data-id=\"6941\"  src=\"https:\/\/elmilagro.org.mx\/st\/wp-content\/uploads\/2024\/10\/fotografia1-1024x1024.jpg\" alt=\"\" class=\"wp-image-6941\" srcset=\"https:\/\/elmilagro.org.mx\/st\/wp-content\/uploads\/2024\/10\/fotografia1-1024x1024.jpg 1024w, https:\/\/elmilagro.org.mx\/st\/wp-content\/uploads\/2024\/10\/fotografia1-300x300.jpg 300w, https:\/\/elmilagro.org.mx\/st\/wp-content\/uploads\/2024\/10\/fotografia1-150x150.jpg 150w, https:\/\/elmilagro.org.mx\/st\/wp-content\/uploads\/2024\/10\/fotografia1-768x768.jpg 768w, https:\/\/elmilagro.org.mx\/st\/wp-content\/uploads\/2024\/10\/fotografia1-1536x1536.jpg 1536w, https:\/\/elmilagro.org.mx\/st\/wp-content\/uploads\/2024\/10\/fotografia1-2048x2048.jpg 2048w, https:\/\/elmilagro.org.mx\/st\/wp-content\/uploads\/2024\/10\/fotografia1.jpg 1080w\" sizes=\"(max-width: 1024px) 100vw, 1024px\" \/><\/figure>\n\n\n\n<figure class=\"wp-block-image size-large\"><img loading=\"lazy\" width=\"1024\" height=\"1024\" data-id=\"6942\"  src=\"https:\/\/elmilagro.org.mx\/st\/wp-content\/uploads\/2024\/10\/fotografia6-1024x1024.jpg\" alt=\"\" class=\"wp-image-6942\" srcset=\"https:\/\/elmilagro.org.mx\/st\/wp-content\/uploads\/2024\/10\/fotografia6-1024x1024.jpg 1024w, https:\/\/elmilagro.org.mx\/st\/wp-content\/uploads\/2024\/10\/fotografia6-300x300.jpg 300w, https:\/\/elmilagro.org.mx\/st\/wp-content\/uploads\/2024\/10\/fotografia6-150x150.jpg 150w, https:\/\/elmilagro.org.mx\/st\/wp-content\/uploads\/2024\/10\/fotografia6-768x768.jpg 768w, https:\/\/elmilagro.org.mx\/st\/wp-content\/uploads\/2024\/10\/fotografia6-1536x1536.jpg 1536w, https:\/\/elmilagro.org.mx\/st\/wp-content\/uploads\/2024\/10\/fotografia6-2048x2048.jpg 2048w, https:\/\/elmilagro.org.mx\/st\/wp-content\/uploads\/2024\/10\/fotografia6.jpg 1080w\" sizes=\"(max-width: 1024px) 100vw, 1024px\" \/><\/figure>\n\n\n\n<figure class=\"wp-block-image size-large\"><img loading=\"lazy\" width=\"1024\" height=\"1024\" data-id=\"6943\"  src=\"https:\/\/elmilagro.org.mx\/st\/wp-content\/uploads\/2024\/10\/fotografia7-1024x1024.jpg\" alt=\"\" class=\"wp-image-6943\" srcset=\"https:\/\/elmilagro.org.mx\/st\/wp-content\/uploads\/2024\/10\/fotografia7-1024x1024.jpg 1024w, https:\/\/elmilagro.org.mx\/st\/wp-content\/uploads\/2024\/10\/fotografia7-300x300.jpg 300w, https:\/\/elmilagro.org.mx\/st\/wp-content\/uploads\/2024\/10\/fotografia7-150x150.jpg 150w, https:\/\/elmilagro.org.mx\/st\/wp-content\/uploads\/2024\/10\/fotografia7-768x768.jpg 768w, https:\/\/elmilagro.org.mx\/st\/wp-content\/uploads\/2024\/10\/fotografia7-1536x1536.jpg 1536w, https:\/\/elmilagro.org.mx\/st\/wp-content\/uploads\/2024\/10\/fotografia7-2048x2048.jpg 2048w, https:\/\/elmilagro.org.mx\/st\/wp-content\/uploads\/2024\/10\/fotografia7.jpg 1080w\" sizes=\"(max-width: 1024px) 100vw, 1024px\" \/><\/figure>\n\n\n\n<figure class=\"wp-block-image size-large\"><img loading=\"lazy\" width=\"1024\" height=\"1024\" data-id=\"6944\"  src=\"https:\/\/elmilagro.org.mx\/st\/wp-content\/uploads\/2024\/10\/fotografia8-1024x1024.jpg\" alt=\"\" class=\"wp-image-6944\" srcset=\"https:\/\/elmilagro.org.mx\/st\/wp-content\/uploads\/2024\/10\/fotografia8-1024x1024.jpg 1024w, https:\/\/elmilagro.org.mx\/st\/wp-content\/uploads\/2024\/10\/fotografia8-300x300.jpg 300w, https:\/\/elmilagro.org.mx\/st\/wp-content\/uploads\/2024\/10\/fotografia8-150x150.jpg 150w, https:\/\/elmilagro.org.mx\/st\/wp-content\/uploads\/2024\/10\/fotografia8-768x768.jpg 768w, https:\/\/elmilagro.org.mx\/st\/wp-content\/uploads\/2024\/10\/fotografia8-1536x1536.jpg 1536w, https:\/\/elmilagro.org.mx\/st\/wp-content\/uploads\/2024\/10\/fotografia8-2048x2048.jpg 2048w, https:\/\/elmilagro.org.mx\/st\/wp-content\/uploads\/2024\/10\/fotografia8.jpg 1080w\" sizes=\"(max-width: 1024px) 100vw, 1024px\" \/><\/figure>\n\n\n\n<figure class=\"wp-block-image size-large\"><img loading=\"lazy\" width=\"1024\" height=\"1024\" data-id=\"6945\"  src=\"https:\/\/elmilagro.org.mx\/st\/wp-content\/uploads\/2024\/10\/fotografia9-1024x1024.jpg\" alt=\"\" class=\"wp-image-6945\" srcset=\"https:\/\/elmilagro.org.mx\/st\/wp-content\/uploads\/2024\/10\/fotografia9-1024x1024.jpg 1024w, https:\/\/elmilagro.org.mx\/st\/wp-content\/uploads\/2024\/10\/fotografia9-300x300.jpg 300w, https:\/\/elmilagro.org.mx\/st\/wp-content\/uploads\/2024\/10\/fotografia9-150x150.jpg 150w, https:\/\/elmilagro.org.mx\/st\/wp-content\/uploads\/2024\/10\/fotografia9-768x768.jpg 768w, https:\/\/elmilagro.org.mx\/st\/wp-content\/uploads\/2024\/10\/fotografia9-1536x1536.jpg 1536w, https:\/\/elmilagro.org.mx\/st\/wp-content\/uploads\/2024\/10\/fotografia9-2048x2048.jpg 2048w, https:\/\/elmilagro.org.mx\/st\/wp-content\/uploads\/2024\/10\/fotografia9.jpg 1080w\" sizes=\"(max-width: 1024px) 100vw, 1024px\" \/><\/figure>\n\n\n\n<figure class=\"wp-block-image size-large\"><img loading=\"lazy\" width=\"1024\" height=\"1024\" data-id=\"6946\"  src=\"https:\/\/elmilagro.org.mx\/st\/wp-content\/uploads\/2024\/10\/fotografia10-1024x1024.jpg\" alt=\"\" class=\"wp-image-6946\" srcset=\"https:\/\/elmilagro.org.mx\/st\/wp-content\/uploads\/2024\/10\/fotografia10-1024x1024.jpg 1024w, https:\/\/elmilagro.org.mx\/st\/wp-content\/uploads\/2024\/10\/fotografia10-300x300.jpg 300w, https:\/\/elmilagro.org.mx\/st\/wp-content\/uploads\/2024\/10\/fotografia10-150x150.jpg 150w, https:\/\/elmilagro.org.mx\/st\/wp-content\/uploads\/2024\/10\/fotografia10-768x768.jpg 768w, https:\/\/elmilagro.org.mx\/st\/wp-content\/uploads\/2024\/10\/fotografia10-1536x1536.jpg 1536w, https:\/\/elmilagro.org.mx\/st\/wp-content\/uploads\/2024\/10\/fotografia10-2048x2048.jpg 2048w, https:\/\/elmilagro.org.mx\/st\/wp-content\/uploads\/2024\/10\/fotografia10.jpg 1080w\" sizes=\"(max-width: 1024px) 100vw, 1024px\" \/><\/figure>\n<\/figure>\n\n\n\n<div class=\"wp-container-1 wp-block-buttons\">\n<div class=\"wp-block-button\"><a class=\"wp-block-button__link\" href=\"https:\/\/boletopolis.com\/es\/evento\/32949\/funcion\/214860\" target=\"_blank\" rel=\"noreferrer noopener\">ADQUIERE AQU\u00cd TUS BOLETOS<\/a><\/div>\n<\/div>\n","protected":false},"excerpt":{"rendered":"<p>BOLET\u00cdN DE PRENSA OC YE NECHCA \u2022 La compa\u00f1\u00eda teatral CONCIERTO CATORCE vuelve con puesta en escenabasada en un texto mexicano.\u2022 Se trata del texto de Jaime Chabaud \u201cOC YE NECHCA (\u00c9RASE UNA VEZ)\u201d.\u2022 La compa\u00f1\u00eda est\u00e1 conformada por reci\u00e9n egresados de la licenciatura de actuaci\u00f3nen la escuela mexiquense CASAZUL.\u2022 Obra bajo la direcci\u00f3n de [&hellip;]<\/p>\n","protected":false},"author":4,"featured_media":6936,"comment_status":"open","ping_status":"open","sticky":false,"template":"","format":"standard","meta":[],"categories":[3,2,19],"tags":[],"_links":{"self":[{"href":"https:\/\/elmilagro.org.mx\/st\/wp-json\/wp\/v2\/posts\/6935"}],"collection":[{"href":"https:\/\/elmilagro.org.mx\/st\/wp-json\/wp\/v2\/posts"}],"about":[{"href":"https:\/\/elmilagro.org.mx\/st\/wp-json\/wp\/v2\/types\/post"}],"author":[{"embeddable":true,"href":"https:\/\/elmilagro.org.mx\/st\/wp-json\/wp\/v2\/users\/4"}],"replies":[{"embeddable":true,"href":"https:\/\/elmilagro.org.mx\/st\/wp-json\/wp\/v2\/comments?post=6935"}],"version-history":[{"count":2,"href":"https:\/\/elmilagro.org.mx\/st\/wp-json\/wp\/v2\/posts\/6935\/revisions"}],"predecessor-version":[{"id":6996,"href":"https:\/\/elmilagro.org.mx\/st\/wp-json\/wp\/v2\/posts\/6935\/revisions\/6996"}],"wp:featuredmedia":[{"embeddable":true,"href":"https:\/\/elmilagro.org.mx\/st\/wp-json\/wp\/v2\/media\/6936"}],"wp:attachment":[{"href":"https:\/\/elmilagro.org.mx\/st\/wp-json\/wp\/v2\/media?parent=6935"}],"wp:term":[{"taxonomy":"category","embeddable":true,"href":"https:\/\/elmilagro.org.mx\/st\/wp-json\/wp\/v2\/categories?post=6935"},{"taxonomy":"post_tag","embeddable":true,"href":"https:\/\/elmilagro.org.mx\/st\/wp-json\/wp\/v2\/tags?post=6935"}],"curies":[{"name":"wp","href":"https:\/\/api.w.org\/{rel}","templated":true}]}}