{"id":6921,"date":"2024-10-25T23:01:22","date_gmt":"2024-10-26T04:01:22","guid":{"rendered":"https:\/\/elmilagro.org.mx\/st\/?p=6921"},"modified":"2025-02-02T11:54:01","modified_gmt":"2025-02-02T17:54:01","slug":"imagenes-limite-difusas","status":"publish","type":"post","link":"https:\/\/elmilagro.org.mx\/st\/imagenes-limite-difusas\/","title":{"rendered":"Im\u00e1genes L\u00edmite Difusas"},"content":{"rendered":"\n<figure class=\"wp-block-image size-large\"><img loading=\"lazy\" width=\"1024\" height=\"1024\" src=\"https:\/\/elmilagro.org.mx\/st\/wp-content\/uploads\/2024\/10\/01imageneslimitesdifusas_fotoignacioponce-1024x1024.jpg\" alt=\"\" class=\"wp-image-6922\" srcset=\"https:\/\/elmilagro.org.mx\/st\/wp-content\/uploads\/2024\/10\/01imageneslimitesdifusas_fotoignacioponce-1024x1024.jpg 1024w, https:\/\/elmilagro.org.mx\/st\/wp-content\/uploads\/2024\/10\/01imageneslimitesdifusas_fotoignacioponce-300x300.jpg 300w, https:\/\/elmilagro.org.mx\/st\/wp-content\/uploads\/2024\/10\/01imageneslimitesdifusas_fotoignacioponce-scaled-150x150.jpg 150w, https:\/\/elmilagro.org.mx\/st\/wp-content\/uploads\/2024\/10\/01imageneslimitesdifusas_fotoignacioponce-1536x1536.jpg 1536w, https:\/\/elmilagro.org.mx\/st\/wp-content\/uploads\/2024\/10\/01imageneslimitesdifusas_fotoignacioponce-2048x2048.jpg 2048w\" sizes=\"(max-width: 1024px) 100vw, 1024px\" \/><\/figure>\n\n\n\n<hr class=\"wp-block-separator\"\/>\n\n\n<h1 style=\"text-align: center;\">IM\u00c1GENES L\u00cdMITE DIFUSAS<\/h1>\n<p>Es un estudio sobre el fantasma, el espectro, la memoria, las cosas que de alguna<br \/>manera podr\u00edan dar cuenta de la imagen pero que en realidad son inoperantes.<br \/>\u00bfC\u00f3mo se vuelve difusa la mirada frente a ciertas im\u00e1genes?<\/p>\n<p>IM\u00c1GENES L\u00cdMITE DIFUSAS<\/p>\n<ul>\n<li>del 1 al 10 de Noviembre<\/li>\n<li>Jueves y Viernes 20h<\/li>\n<li>S\u00e1bados 19h<\/li>\n<li>Domingos 18h<\/li>\n<li>Entrada General: $300<\/li>\n<\/ul>\n<p><strong>CR\u00c9DITOS<\/strong><\/p>\n<p>Una creaci\u00f3n de Fernanda Bada, Misael Garrido, Mariana Garc\u00eda Franco y Vera Rivas\u00a0<\/p>\n<ul>\n<li><span style=\"font-weight: 400;\">performers:\u00a0<\/span><span style=\"font-weight: 400;\">Fernanda Bada y Misael Garrido\u00a0<\/span><\/li>\n<li><span style=\"font-weight: 400;\">direcci\u00f3n:\u00a0<\/span><span style=\"font-weight: 400;\">Mariana Garc\u00eda Franco<\/span><\/li>\n<li><span style=\"font-weight: 400;\">colaboraci\u00f3n en direcci\u00f3n, dise\u00f1o multimedia <\/span><span style=\"font-weight: 400;\">y producci\u00f3n ejecutiva:\u00a0<\/span><span style=\"font-weight: 400;\">Vera Rivas\u00a0<\/span><\/li>\n<li><span style=\"font-weight: 400;\">asistencia general:\u00a0<\/span><span style=\"font-weight: 400;\">Rodolfo Rodriguez\u00a0<\/span><\/li>\n<li><span style=\"font-weight: 400;\">dise\u00f1o de iluminaci\u00f3n:\u00a0<\/span><span style=\"font-weight: 400;\">Sara Alcantar\u00a0<\/span><\/li>\n<li><span style=\"font-weight: 400;\">asesor\u00eda corporal:\u00a0<\/span><span style=\"font-weight: 400;\">Paulina Arriaga\u00a0<\/span><\/li>\n<li><span style=\"font-weight: 400;\">video y dise\u00f1o sonoro:\u00a0<\/span><span style=\"font-size: revert;\">Francisco Osorio\u00a0<\/span><\/li>\n<\/ul>\n<p><span style=\"font-weight: 400;\">Proyecto realizado con apoyo del Sistema de Apoyos a la Creaci\u00f3n y Proyectos Culturales 2022 (SACPC) y Teatro L\u00ednea de Sombra.<\/span><\/p>\n<p><br style=\"font-weight: 400;\" \/><br style=\"font-weight: 400;\" \/><\/p>\n\n\n<figure class=\"wp-block-gallery has-nested-images columns-default is-cropped\">\n<figure class=\"wp-block-image size-large\"><img loading=\"lazy\" width=\"1024\" height=\"1024\" data-id=\"6923\"  src=\"https:\/\/elmilagro.org.mx\/st\/wp-content\/uploads\/2024\/10\/11imageneslimitesdifusas_fotoignacioponce-1024x1024.jpg\" alt=\"\" class=\"wp-image-6923\" srcset=\"https:\/\/elmilagro.org.mx\/st\/wp-content\/uploads\/2024\/10\/11imageneslimitesdifusas_fotoignacioponce-1024x1024.jpg 1024w, https:\/\/elmilagro.org.mx\/st\/wp-content\/uploads\/2024\/10\/11imageneslimitesdifusas_fotoignacioponce-300x300.jpg 300w, https:\/\/elmilagro.org.mx\/st\/wp-content\/uploads\/2024\/10\/11imageneslimitesdifusas_fotoignacioponce-150x150.jpg 150w, https:\/\/elmilagro.org.mx\/st\/wp-content\/uploads\/2024\/10\/11imageneslimitesdifusas_fotoignacioponce-1536x1536.jpg 1536w, https:\/\/elmilagro.org.mx\/st\/wp-content\/uploads\/2024\/10\/11imageneslimitesdifusas_fotoignacioponce-2048x2048.jpg 2048w\" sizes=\"(max-width: 1024px) 100vw, 1024px\" \/><\/figure>\n\n\n\n<figure class=\"wp-block-image size-large\"><img loading=\"lazy\" width=\"1024\" height=\"1024\" data-id=\"6924\"  src=\"https:\/\/elmilagro.org.mx\/st\/wp-content\/uploads\/2024\/10\/28imageneslimitesdifusas_fotoignacioponce-1024x1024.jpg\" alt=\"\" class=\"wp-image-6924\" srcset=\"https:\/\/elmilagro.org.mx\/st\/wp-content\/uploads\/2024\/10\/28imageneslimitesdifusas_fotoignacioponce-1024x1024.jpg 1024w, https:\/\/elmilagro.org.mx\/st\/wp-content\/uploads\/2024\/10\/28imageneslimitesdifusas_fotoignacioponce-300x300.jpg 300w, https:\/\/elmilagro.org.mx\/st\/wp-content\/uploads\/2024\/10\/28imageneslimitesdifusas_fotoignacioponce-150x150.jpg 150w, https:\/\/elmilagro.org.mx\/st\/wp-content\/uploads\/2024\/10\/28imageneslimitesdifusas_fotoignacioponce-1536x1536.jpg 1536w, https:\/\/elmilagro.org.mx\/st\/wp-content\/uploads\/2024\/10\/28imageneslimitesdifusas_fotoignacioponce-2048x2048.jpg 2048w\" sizes=\"(max-width: 1024px) 100vw, 1024px\" \/><\/figure>\n\n\n\n<figure class=\"wp-block-image size-large\"><img loading=\"lazy\" width=\"1024\" height=\"1024\" data-id=\"6925\"  src=\"https:\/\/elmilagro.org.mx\/st\/wp-content\/uploads\/2024\/10\/33imageneslimitesdifusas_fotoignacioponce-1024x1024.jpg\" alt=\"\" class=\"wp-image-6925\" srcset=\"https:\/\/elmilagro.org.mx\/st\/wp-content\/uploads\/2024\/10\/33imageneslimitesdifusas_fotoignacioponce-1024x1024.jpg 1024w, https:\/\/elmilagro.org.mx\/st\/wp-content\/uploads\/2024\/10\/33imageneslimitesdifusas_fotoignacioponce-300x300.jpg 300w, https:\/\/elmilagro.org.mx\/st\/wp-content\/uploads\/2024\/10\/33imageneslimitesdifusas_fotoignacioponce-150x150.jpg 150w, https:\/\/elmilagro.org.mx\/st\/wp-content\/uploads\/2024\/10\/33imageneslimitesdifusas_fotoignacioponce-1536x1536.jpg 1536w, https:\/\/elmilagro.org.mx\/st\/wp-content\/uploads\/2024\/10\/33imageneslimitesdifusas_fotoignacioponce-2048x2048.jpg 2048w\" sizes=\"(max-width: 1024px) 100vw, 1024px\" \/><\/figure>\n<\/figure>\n\n\n\n<hr class=\"wp-block-separator\"\/>\n\n\n\n<div class=\"wp-container-1 wp-block-buttons\">\n<div class=\"wp-block-button\"><a class=\"wp-block-button__link\" href=\"https:\/\/boletopolis.com\/es\/evento\/32861\/funcion\/214405\" target=\"_blank\" rel=\"noreferrer noopener\">ADQUIERE AQU\u00cd TUS BOLETOS<\/a><\/div>\n<\/div>\n\n\n\n<p><\/p>\n","protected":false},"excerpt":{"rendered":"<p>IM\u00c1GENES L\u00cdMITE DIFUSAS Es un estudio sobre el fantasma, el espectro, la memoria, las cosas que de algunamanera podr\u00edan dar cuenta de la imagen pero que en realidad son inoperantes.\u00bfC\u00f3mo se vuelve difusa la mirada frente a ciertas im\u00e1genes? IM\u00c1GENES L\u00cdMITE DIFUSAS del 1 al 10 de Noviembre Jueves y Viernes 20h S\u00e1bados 19h Domingos [&hellip;]<\/p>\n","protected":false},"author":4,"featured_media":6922,"comment_status":"open","ping_status":"open","sticky":false,"template":"","format":"standard","meta":[],"categories":[3,2,19],"tags":[],"_links":{"self":[{"href":"https:\/\/elmilagro.org.mx\/st\/wp-json\/wp\/v2\/posts\/6921"}],"collection":[{"href":"https:\/\/elmilagro.org.mx\/st\/wp-json\/wp\/v2\/posts"}],"about":[{"href":"https:\/\/elmilagro.org.mx\/st\/wp-json\/wp\/v2\/types\/post"}],"author":[{"embeddable":true,"href":"https:\/\/elmilagro.org.mx\/st\/wp-json\/wp\/v2\/users\/4"}],"replies":[{"embeddable":true,"href":"https:\/\/elmilagro.org.mx\/st\/wp-json\/wp\/v2\/comments?post=6921"}],"version-history":[{"count":3,"href":"https:\/\/elmilagro.org.mx\/st\/wp-json\/wp\/v2\/posts\/6921\/revisions"}],"predecessor-version":[{"id":7002,"href":"https:\/\/elmilagro.org.mx\/st\/wp-json\/wp\/v2\/posts\/6921\/revisions\/7002"}],"wp:featuredmedia":[{"embeddable":true,"href":"https:\/\/elmilagro.org.mx\/st\/wp-json\/wp\/v2\/media\/6922"}],"wp:attachment":[{"href":"https:\/\/elmilagro.org.mx\/st\/wp-json\/wp\/v2\/media?parent=6921"}],"wp:term":[{"taxonomy":"category","embeddable":true,"href":"https:\/\/elmilagro.org.mx\/st\/wp-json\/wp\/v2\/categories?post=6921"},{"taxonomy":"post_tag","embeddable":true,"href":"https:\/\/elmilagro.org.mx\/st\/wp-json\/wp\/v2\/tags?post=6921"}],"curies":[{"name":"wp","href":"https:\/\/api.w.org\/{rel}","templated":true}]}}