{"id":6861,"date":"2024-10-25T21:40:12","date_gmt":"2024-10-26T02:40:12","guid":{"rendered":"https:\/\/elmilagro.org.mx\/st\/?p=6861"},"modified":"2025-02-02T11:54:59","modified_gmt":"2025-02-02T17:54:59","slug":"la-vendedora-de-nubes","status":"publish","type":"post","link":"https:\/\/elmilagro.org.mx\/st\/la-vendedora-de-nubes\/","title":{"rendered":"La Vendedora de Nubes"},"content":{"rendered":"[vc_row][vc_column][vc_column_text css=&#8221;.vc_custom_1729911018894{margin-bottom: 0px !important;}&#8221;]\n<p><\/p>\n\n\n<\/p>\n<figure class=\"wp-block-image size-large\"><img loading=\"lazy\" width=\"1024\" height=\"1024\" class=\"wp-image-6862\" src=\"https:\/\/elmilagro.org.mx\/st\/wp-content\/uploads\/2024\/10\/captura-de-pantalla-2024-10-25-a-las-18.50.20-3-1024x1024.png\" alt=\"\" srcset=\"https:\/\/elmilagro.org.mx\/st\/wp-content\/uploads\/2024\/10\/captura-de-pantalla-2024-10-25-a-las-18.50.20-3-1024x1024.png 1024w, https:\/\/elmilagro.org.mx\/st\/wp-content\/uploads\/2024\/10\/captura-de-pantalla-2024-10-25-a-las-18.50.20-3-300x300.png 300w, https:\/\/elmilagro.org.mx\/st\/wp-content\/uploads\/2024\/10\/captura-de-pantalla-2024-10-25-a-las-18.50.20-3-150x150.png 150w, https:\/\/elmilagro.org.mx\/st\/wp-content\/uploads\/2024\/10\/captura-de-pantalla-2024-10-25-a-las-18.50.20-3-1536x1536.png 1536w, https:\/\/elmilagro.org.mx\/st\/wp-content\/uploads\/2024\/10\/captura-de-pantalla-2024-10-25-a-las-18.50.20-3-2048x2048.png 2048w, https:\/\/elmilagro.org.mx\/st\/wp-content\/uploads\/2024\/10\/captura-de-pantalla-2024-10-25-a-las-18.50.20-3-266x266.png 266w\" sizes=\"(max-width: 1024px) 100vw, 1024px\" \/><\/figure>\n<h2 style=\"text-align: center;\"><b>La Vendedora de Nubes, de Elena Poniatowska<\/b><\/h2>\n<p><span style=\"font-weight: 400;\">En un colorido mercado, en medio del olor a naranjas y romero, entre el sonido y las voces de los marchantes, una ni\u00f1a intenta vender una mercanc\u00eda poco com\u00fan: una nube. La so\u00f1\u00f3 una noche y a la ma\u00f1ana siguiente apareci\u00f3 frente a su puerta, y pues nada m\u00e1s le at\u00f3 un cordelito para que no se le perdiera. La ofrece al licenciado, a la se\u00f1ora emperifollada, al pol\u00edtico, al militar, al estudiante, pero nadie parece valorarla. Sin embargo, una &#8220;vagamunda&#8221; muy sabedora le har\u00e1 ver la importancia de no renunciar a algo tan valioso como su nube, es decir, a sus sue\u00f1os y su dignidad.<\/span><\/p>\n<p><span style=\"font-weight: 400;\">La Vendedora de nubes de Elena Poniatowska, <\/span><\/p>\n<ul>\n<li><span style=\"font-weight: 400;\">Del 2 de noviembre al 15 de diciembre del 2024\u00a0<\/span><\/li>\n<li><span style=\"font-weight: 400;\">S\u00e1bados y domingos\u00a0<\/span><\/li>\n<li><span style=\"font-weight: 400;\">13:00 horas\u00a0<\/span><\/li>\n<li><span style=\"font-weight: 400;\">Obra de teatro para j\u00f3venes audiencias y p\u00fablico en general. <\/span><span style=\"font-weight: 400;\">7+\u00a0<\/span><\/li>\n<li>\n<p><span style=\"font-weight: 400;\">Entrada general <\/span><span style=\"font-weight: 400;\">\u00a0$150\u00a0<\/span><\/p>\n<\/li>\n<\/ul>\n<p><!--more--><\/p>\n<p><strong>La Vendedora de Nubes de Elena Poniatowska<\/strong><\/p>\n<ul>\n<li><span style=\"font-weight: 400;\">Direcci\u00f3n y Dise\u00f1o de Producci\u00f3n: Mauricio Pimentel<\/span><\/li>\n<li><span style=\"font-weight: 400;\">Elenco:<\/span><\/li>\n<li><span style=\"font-weight: 400;\">Diana Becerril<\/span><\/li>\n<li><span style=\"font-weight: 400;\">Magdalena Alpizar,<\/span><\/li>\n<li><span style=\"font-weight: 400;\">Antony De La Vega<\/span><\/li>\n<li><span style=\"font-weight: 400;\">V\u00edctor Vargas Avena<\/span><\/li>\n<li><span style=\"font-weight: 400;\">Dania Fuentes Mar\u00edn\u00a0<\/span><\/li>\n<\/ul>\n<p><strong>Cr\u00e9ditos:<\/strong><\/p>\n<ul>\n<li><span style=\"font-weight: 400;\">Producci\u00f3n: Los Alichanes Teatro<\/span><\/li>\n<li>Asistente de Direcci\u00f3n y Producci\u00f3n: B\u00e1rbara Pohlenz<\/li>\n<li><span style=\"font-weight: 400;\">Dramaturgia Corporal Esc\u00e9nica: Dania Fuentes Mar\u00edn<\/span><\/li>\n<li><span style=\"font-weight: 400;\">Dise\u00f1o Sonoro: Alfonso Olgu\u00edn<\/span><\/li>\n<li><span style=\"font-weight: 400;\">Iluminaci\u00f3n: Rodolfo Mora y Cristofer P\u00e9rez<\/span><\/li>\n<li><span style=\"font-weight: 400;\">M\u00e1scara y Atrezzo: Quy Lan Lachino<\/span><\/li>\n<li><span style=\"font-weight: 400;\">Dise\u00f1o de Imagen: Gur<\/span><\/li>\n<li><span style=\"font-weight: 400;\">Fotograf\u00eda: Mariano Zapata<\/span><\/li>\n<li>\u00a0<\/li>\n<\/ul>\n<p>\n\n\n<p><\/p>\n\n\n<figure class=\"wp-block-gallery has-nested-images columns-default is-cropped\">\n<figure class=\"wp-block-image size-large\"><img loading=\"lazy\" width=\"1024\" height=\"1024\" data-id=\"6865\"  class=\"wp-image-6865\" src=\"https:\/\/elmilagro.org.mx\/st\/wp-content\/uploads\/2024\/10\/1-2mz-1-1024x1024.jpg\" alt=\"\" srcset=\"https:\/\/elmilagro.org.mx\/st\/wp-content\/uploads\/2024\/10\/1-2mz-1-1024x1024.jpg 1024w, https:\/\/elmilagro.org.mx\/st\/wp-content\/uploads\/2024\/10\/1-2mz-1-300x300.jpg 300w, https:\/\/elmilagro.org.mx\/st\/wp-content\/uploads\/2024\/10\/1-2mz-1-150x150.jpg 150w, https:\/\/elmilagro.org.mx\/st\/wp-content\/uploads\/2024\/10\/1-2mz-1-1536x1536.jpg 1536w, https:\/\/elmilagro.org.mx\/st\/wp-content\/uploads\/2024\/10\/1-2mz-1-2048x2048.jpg 2048w\" sizes=\"(max-width: 1024px) 100vw, 1024px\" \/><\/figure>\n<p>\n\n\n\n<\/p>\n<figure class=\"wp-block-image size-large\"><img loading=\"lazy\" width=\"1024\" height=\"1024\" data-id=\"6866\"  class=\"wp-image-6866\" src=\"https:\/\/elmilagro.org.mx\/st\/wp-content\/uploads\/2024\/10\/1-8mz-1-1024x1024.jpg\" alt=\"\" srcset=\"https:\/\/elmilagro.org.mx\/st\/wp-content\/uploads\/2024\/10\/1-8mz-1-1024x1024.jpg 1024w, https:\/\/elmilagro.org.mx\/st\/wp-content\/uploads\/2024\/10\/1-8mz-1-300x300.jpg 300w, https:\/\/elmilagro.org.mx\/st\/wp-content\/uploads\/2024\/10\/1-8mz-1-150x150.jpg 150w, https:\/\/elmilagro.org.mx\/st\/wp-content\/uploads\/2024\/10\/1-8mz-1-1536x1536.jpg 1536w, https:\/\/elmilagro.org.mx\/st\/wp-content\/uploads\/2024\/10\/1-8mz-1-2048x2048.jpg 2048w\" sizes=\"(max-width: 1024px) 100vw, 1024px\" \/><\/figure>\n<p>\n\n\n\n<\/p>\n<figure class=\"wp-block-image size-large\"><img loading=\"lazy\" width=\"1024\" height=\"1024\" data-id=\"6867\"  class=\"wp-image-6867\" src=\"https:\/\/elmilagro.org.mx\/st\/wp-content\/uploads\/2024\/10\/1-11mz-1-1024x1024.jpg\" alt=\"\" srcset=\"https:\/\/elmilagro.org.mx\/st\/wp-content\/uploads\/2024\/10\/1-11mz-1-1024x1024.jpg 1024w, https:\/\/elmilagro.org.mx\/st\/wp-content\/uploads\/2024\/10\/1-11mz-1-300x300.jpg 300w, https:\/\/elmilagro.org.mx\/st\/wp-content\/uploads\/2024\/10\/1-11mz-1-150x150.jpg 150w, https:\/\/elmilagro.org.mx\/st\/wp-content\/uploads\/2024\/10\/1-11mz-1-1536x1536.jpg 1536w, https:\/\/elmilagro.org.mx\/st\/wp-content\/uploads\/2024\/10\/1-11mz-1-2048x2048.jpg 2048w\" sizes=\"(max-width: 1024px) 100vw, 1024px\" \/><\/figure>\n<p>\n\n\n\n<\/p>\n<figure class=\"wp-block-image size-large\"><img loading=\"lazy\" width=\"1024\" height=\"1024\" data-id=\"6863\"  class=\"wp-image-6863\" src=\"https:\/\/elmilagro.org.mx\/st\/wp-content\/uploads\/2024\/10\/1-13mz-1-1024x1024.jpg\" alt=\"\" srcset=\"https:\/\/elmilagro.org.mx\/st\/wp-content\/uploads\/2024\/10\/1-13mz-1-1024x1024.jpg 1024w, https:\/\/elmilagro.org.mx\/st\/wp-content\/uploads\/2024\/10\/1-13mz-1-300x300.jpg 300w, https:\/\/elmilagro.org.mx\/st\/wp-content\/uploads\/2024\/10\/1-13mz-1-150x150.jpg 150w, https:\/\/elmilagro.org.mx\/st\/wp-content\/uploads\/2024\/10\/1-13mz-1-1536x1536.jpg 1536w, https:\/\/elmilagro.org.mx\/st\/wp-content\/uploads\/2024\/10\/1-13mz-1-2048x2048.jpg 2048w\" sizes=\"(max-width: 1024px) 100vw, 1024px\" \/><\/figure>\n<p>\n\n\n\n<\/p>\n<figure class=\"wp-block-image size-large\"><img loading=\"lazy\" width=\"1024\" height=\"1024\" data-id=\"6864\"  class=\"wp-image-6864\" src=\"https:\/\/elmilagro.org.mx\/st\/wp-content\/uploads\/2024\/10\/1-20mz-1-1024x1024.jpg\" alt=\"\" srcset=\"https:\/\/elmilagro.org.mx\/st\/wp-content\/uploads\/2024\/10\/1-20mz-1-1024x1024.jpg 1024w, https:\/\/elmilagro.org.mx\/st\/wp-content\/uploads\/2024\/10\/1-20mz-1-300x300.jpg 300w, https:\/\/elmilagro.org.mx\/st\/wp-content\/uploads\/2024\/10\/1-20mz-1-150x150.jpg 150w, https:\/\/elmilagro.org.mx\/st\/wp-content\/uploads\/2024\/10\/1-20mz-1-1536x1536.jpg 1536w, https:\/\/elmilagro.org.mx\/st\/wp-content\/uploads\/2024\/10\/1-20mz-1-2048x2048.jpg 2048w\" sizes=\"(max-width: 1024px) 100vw, 1024px\" \/><\/figure>\n<p>\n<\/figure>\n\n\n<p><\/p>\n<p>&nbsp;<\/p>\n<p>&nbsp;<\/p>\n[\/vc_column_text][vc_btn title=&#8221;Adquiere tus boletos&#8221; link=&#8221;url:http%3A%2F%2Flavendedoradenubes2.boletopolis.com|title:La%20vendedora%20de%20nubes|target:%20_blank|&#8221; css=&#8221;.vc_custom_1729912736680{background-color: #eeee22 !important;}&#8221;][\/vc_column][\/vc_row]","protected":false},"excerpt":{"rendered":"<p>[vc_row][vc_column][vc_column_text css=&#8221;.vc_custom_1729911018894{margin-bottom: 0px !important;}&#8221;]<\/p>\n","protected":false},"author":4,"featured_media":6862,"comment_status":"open","ping_status":"open","sticky":false,"template":"","format":"standard","meta":[],"categories":[3,2],"tags":[],"_links":{"self":[{"href":"https:\/\/elmilagro.org.mx\/st\/wp-json\/wp\/v2\/posts\/6861"}],"collection":[{"href":"https:\/\/elmilagro.org.mx\/st\/wp-json\/wp\/v2\/posts"}],"about":[{"href":"https:\/\/elmilagro.org.mx\/st\/wp-json\/wp\/v2\/types\/post"}],"author":[{"embeddable":true,"href":"https:\/\/elmilagro.org.mx\/st\/wp-json\/wp\/v2\/users\/4"}],"replies":[{"embeddable":true,"href":"https:\/\/elmilagro.org.mx\/st\/wp-json\/wp\/v2\/comments?post=6861"}],"version-history":[{"count":9,"href":"https:\/\/elmilagro.org.mx\/st\/wp-json\/wp\/v2\/posts\/6861\/revisions"}],"predecessor-version":[{"id":6920,"href":"https:\/\/elmilagro.org.mx\/st\/wp-json\/wp\/v2\/posts\/6861\/revisions\/6920"}],"wp:featuredmedia":[{"embeddable":true,"href":"https:\/\/elmilagro.org.mx\/st\/wp-json\/wp\/v2\/media\/6862"}],"wp:attachment":[{"href":"https:\/\/elmilagro.org.mx\/st\/wp-json\/wp\/v2\/media?parent=6861"}],"wp:term":[{"taxonomy":"category","embeddable":true,"href":"https:\/\/elmilagro.org.mx\/st\/wp-json\/wp\/v2\/categories?post=6861"},{"taxonomy":"post_tag","embeddable":true,"href":"https:\/\/elmilagro.org.mx\/st\/wp-json\/wp\/v2\/tags?post=6861"}],"curies":[{"name":"wp","href":"https:\/\/api.w.org\/{rel}","templated":true}]}}