{"id":5505,"date":"2023-10-01T22:32:12","date_gmt":"2023-10-02T03:32:12","guid":{"rendered":"https:\/\/elmilagro.org.mx\/st\/?p=5505"},"modified":"2024-06-20T00:46:41","modified_gmt":"2024-06-20T05:46:41","slug":"amor-y-rabia","status":"publish","type":"post","link":"https:\/\/elmilagro.org.mx\/st\/amor-y-rabia\/","title":{"rendered":"AMOR Y RABIA"},"content":{"rendered":"[vc_row][vc_column][vc_column_text]\n\n[\/vc_column_text][\/vc_column][\/vc_row][mk_page_section min_height=&#8221;0&#8243; padding_top=&#8221;0&#8243; padding_bottom=&#8221;0&#8243; sidebar=&#8221;sidebar-1&#8243;][vc_column width=&#8221;2\/3&#8243;][vc_row_inner][vc_column_inner width=&#8221;1\/2&#8243;][mk_gallery images=&#8221;5507,5508&#8243; column=&#8221;2&#8243; image_size=&#8221;medium&#8221; item_spacing=&#8221;4&#8243; margin_bottom=&#8221;50&#8243;][vc_gallery interval=&#8221;3&#8243; images=&#8221;5884,5881,5883,5882,5880&#8243;][\/vc_column_inner][vc_column_inner width=&#8221;1\/2&#8243;][mk_fancy_title tag_name=&#8221;span&#8221; margin_bottom=&#8221;0&#8243; font_family=&#8221;none&#8221;]\n<div dir=\"ltr\">\n<p><em><strong>AMOR Y RABIA<\/strong><\/em><\/p>\n<p>&nbsp;<\/p>\n<p><em>\u00bfQu\u00e9 se hace con los sue\u00f1os? Fuego y quemaz\u00f3n.<\/em><\/p>\n<p>&nbsp;<\/p>\n<p>Texto y direcci\u00f3n de <strong>David Olgu\u00edn<\/strong><\/p>\n<p>Con: <strong>Laura Almela, Emmanuel Pav\u00eda, Santiago Alfaro, Sunem Cedillo y David Juan Olgu\u00edn Almela.<\/strong><\/p>\n<p>Escenograf\u00eda e iluminaci\u00f3n de <strong>Gabriel Pascal<\/strong><br \/>Vestuario de <strong>Laura Mart\u00ednez Rosas<\/strong><\/p>\n<p>Material de dise\u00f1o sonoro: <em>Aokigahara, Louis Armstrong, Leo Brouwer, Dungeore, J\u00e1lber, 89 pu\u00f1aladas, la Sonora Matancera y Piotr Illich Tchaikovsky.<\/em><br \/>Grafitis: <strong>Lola Livre y Sacer<\/strong><\/p>\n<p>Mecanismo de puertas: <strong>Alberto Orozco<\/strong><\/p>\n<p>Fotograf\u00eda: <strong>Axl Mu\u00f1iz<\/strong><\/p>\n<p>Realizaci\u00f3n de traje La Mano: <strong>Melisa Olivares<\/strong><\/p>\n<p>Realizaci\u00f3n de \u00a0m\u00e1scara La Mano: <strong>Talifx Monster Studio, Neftal\u00ed Ebenezer Zamora y Tania Larizza Guzm\u00e1n<\/strong><\/p>\n<p>Peinado de pelucas: <strong>Rebeca Mart\u00ednez<\/strong><\/p>\n<p>Postizo de barba: <strong>Tania Lizbeth Vidales Fragoso<\/strong><\/p>\n<p>Relaciones p\u00fablicas y difusi\u00f3n: <strong>Arizbell Morel-D\u00edaz<\/strong><br \/>Dise\u00f1o Gr\u00e1fico: <strong>Mar Aroko<\/strong><br \/>Planta t\u00e9cnica: <strong>Celso Mart\u00ednez Flores, Rodolfo Mora Gonz\u00e1lez, Cristofer P\u00e9rez Illescas.<\/strong><br \/>Servicios al p\u00fablico: <strong>Alejandra Valdivia N\u00fa\u00f1ez<\/strong><\/p>\n<p>Administraci\u00f3n:\u00a0<strong>Roc\u00edo Blasio<\/strong><\/p>\n<p>Agradecimientos: <strong>Miguel Lim\u00f3n Rojas, Adriana Robledo R\u00edos, Luc\u00eda Olgu\u00edn Almela, Rafael Mondrag\u00f3n Vel\u00e1zquez, Israel Villalobos y Alejandro Galv\u00e1n<\/strong><\/p>\n<p><em>Duraci\u00f3n: 115 minutos.<\/em><\/p>\n<p><strong>Del 8 de octubre al 11 de diciembre de 2023<\/strong><br \/>(12 y 13 de noviembre no hay funci\u00f3n)<br \/><em><strong>Lunes 20 h y Domingos 18 h.<\/strong><\/em><\/p>\n<p>&nbsp;<\/p>\n<p><em>P\u00fablico al que va dirigido: Adolescentes y adultos.<\/em><\/p>\n<\/div>\n<div dir=\"ltr\">\n<div class=\"gmail_quote\">\n<div dir=\"auto\">\n<div dir=\"ltr\">\n<div class=\"gmail_quote\">\n<hr \/>\n<p>Boletos disponibles en<a href=\"https:\/\/elmilagro.boletopolis.com\/\"> elmilagro.boletopolis.com<\/a><\/p>\n<\/div>\n<\/div>\n<\/div>\n<\/div>\n<\/div>\n[\/mk_fancy_title][vc_column_text css=&#8221;.vc_custom_1711996898591{margin-bottom: 0px !important;}&#8221;]\n<p><em><strong>NUEVA TEMPORADA:<\/strong><\/em><\/p>\n<p style=\"text-align: center;\"><em><strong>Del 1o. de abril al 17 de junio<\/strong><\/em><\/p>\n<p style=\"text-align: center;\"><em><strong>LUNES, 20 H<\/strong><\/em><\/p>\n<p>&nbsp;<\/p>\n<p>&nbsp;<\/p>\n<p>&nbsp;<\/p>\n<p><em>Del 26 de febrero al 17 de marzo 2024.<\/em><\/p>\n<p>&nbsp;<\/p>\n<p>Viernes 20 h<\/p>\n<p>S\u00e1bados 19 h<\/p>\n<p>Domingos 18 h<\/p>\n<p>&nbsp;<\/p>\n<p><em><strong>ESPECIALES: 25 y 26 de marzo 2024, 20 h<\/strong><\/em><\/p>\n[\/vc_column_text][\/vc_column_inner][\/vc_row_inner][mk_divider][mk_fancy_title tag_name=&#8221;span&#8221; margin_bottom=&#8221;0&#8243; font_family=&#8221;none&#8221;][\/mk_fancy_title][\/vc_column][vc_column width=&#8221;1\/3&#8243;][vc_widget_sidebar sidebar_id=&#8221;sidebar-2&#8243;][\/vc_column][\/mk_page_section][vc_row][vc_column][vc_column_text]\n\n\n[\/vc_column_text][\/vc_column][\/vc_row][vc_row][vc_column][vc_column_text css=&#8221;.vc_custom_1696213931818{margin-bottom: 0px !important;}&#8221;]<p><em><strong>SINOPSIS<\/strong><\/em><\/p>\n<p><em>Amor y rabia es el retrato de un malestar generacional tan antiguo como la humanidad misma. Siguiendo a una secta activista, la obra retrata el trasfondo que puede tener el detonar una bomba en espacios p\u00fablicos, la rebeld\u00eda juvenil y los impulsos colectivos por una justicia que sistem\u00e1ticamente ha sido negada.<\/em><\/p>[\/vc_column_text][\/vc_column][\/vc_row]","protected":false},"excerpt":{"rendered":"<p>[vc_row][vc_column][vc_column_text] [\/vc_column_text][\/vc_column][\/vc_row][vc_row][vc_column][vc_column_text css=&#8221;.vc_custom_1696213931818{margin-bottom: 0px !important;}&#8221;] SINOPSIS Amor y rabia es el retrato de un malestar generacional tan antiguo como la humanidad misma. Siguiendo a una secta activista, la obra retrata el trasfondo que puede tener el detonar una bomba en espacios p\u00fablicos, la rebeld\u00eda juvenil y los impulsos colectivos por una justicia que sistem\u00e1ticamente ha [&hellip;]<\/p>\n","protected":false},"author":4,"featured_media":5444,"comment_status":"open","ping_status":"open","sticky":false,"template":"","format":"standard","meta":[],"categories":[3,5,7],"tags":[],"_links":{"self":[{"href":"https:\/\/elmilagro.org.mx\/st\/wp-json\/wp\/v2\/posts\/5505"}],"collection":[{"href":"https:\/\/elmilagro.org.mx\/st\/wp-json\/wp\/v2\/posts"}],"about":[{"href":"https:\/\/elmilagro.org.mx\/st\/wp-json\/wp\/v2\/types\/post"}],"author":[{"embeddable":true,"href":"https:\/\/elmilagro.org.mx\/st\/wp-json\/wp\/v2\/users\/4"}],"replies":[{"embeddable":true,"href":"https:\/\/elmilagro.org.mx\/st\/wp-json\/wp\/v2\/comments?post=5505"}],"version-history":[{"count":4,"href":"https:\/\/elmilagro.org.mx\/st\/wp-json\/wp\/v2\/posts\/5505\/revisions"}],"predecessor-version":[{"id":6076,"href":"https:\/\/elmilagro.org.mx\/st\/wp-json\/wp\/v2\/posts\/5505\/revisions\/6076"}],"wp:featuredmedia":[{"embeddable":true,"href":"https:\/\/elmilagro.org.mx\/st\/wp-json\/wp\/v2\/media\/5444"}],"wp:attachment":[{"href":"https:\/\/elmilagro.org.mx\/st\/wp-json\/wp\/v2\/media?parent=5505"}],"wp:term":[{"taxonomy":"category","embeddable":true,"href":"https:\/\/elmilagro.org.mx\/st\/wp-json\/wp\/v2\/categories?post=5505"},{"taxonomy":"post_tag","embeddable":true,"href":"https:\/\/elmilagro.org.mx\/st\/wp-json\/wp\/v2\/tags?post=5505"}],"curies":[{"name":"wp","href":"https:\/\/api.w.org\/{rel}","templated":true}]}}