{"id":463,"date":"2017-05-20T01:15:47","date_gmt":"2017-05-20T01:15:47","guid":{"rendered":"http:\/\/bantics.xyz\/bgmil\/?p=463"},"modified":"2017-05-20T01:15:47","modified_gmt":"2017-05-20T01:15:47","slug":"este-cuerpo-mio","status":"publish","type":"post","link":"https:\/\/elmilagro.org.mx\/st\/este-cuerpo-mio\/","title":{"rendered":"Este cuerpo m\u00edo"},"content":{"rendered":"[mk_page_section video_loop=&#8221;false&#8221; min_height=&#8221;0&#8243; padding_top=&#8221;0&#8243; padding_bottom=&#8221;0&#8243; sidebar=&#8221;sidebar-1&#8243;][vc_column width=&#8221;2\/3&#8243;][vc_row_inner][vc_column_inner width=&#8221;1\/2&#8243;][mk_gallery images=&#8221;542&#8243; column=&#8221;2&#8243; image_size=&#8221;medium&#8221; item_spacing=&#8221;4&#8243; margin_bottom=&#8221;35&#8243;][mk_image src=&#8221;https:\/\/bantics.xyz\/bgmil\/wp-content\/uploads\/2017\/05\/boletos-int-1-1.png&#8221; image_size=&#8221;full&#8221; link=&#8221;https:\/\/boletopolis.com\/es\/agrupacion\/elmilagro&#8221; target=&#8221;_blank&#8221; align=&#8221;center&#8221;][\/vc_column_inner][vc_column_inner width=&#8221;1\/2&#8243;][mk_fancy_title tag_name=&#8221;span&#8221; margin_bottom=&#8221;0&#8243; font_family=&#8221;none&#8221;]\n<h3>Fechas y horarios:<\/h3>\n<p>Jueves 6 de julio, 20:00 horas<br \/>\nJueves 13 de julio, 20:00 horas[\/mk_fancy_title][\/vc_column_inner][\/vc_row_inner][mk_divider][mk_fancy_title tag_name=&#8221;span&#8221; margin_bottom=&#8221;0&#8243; font_family=&#8221;none&#8221;]\n<h3>Sinopsis:<\/h3>\n<p>Los cuerpos son diferencias, las historias de los cuerpos tambi\u00e9n.<\/p>\n<p>Mir\u00e9 el entorno y me pregunt\u00e9 por lo no vivido, por la carencia, por lo que no se ha registrado en mi piel y por lo tanto en mi historia. Me pregunt\u00e9 cu\u00e1l es mi hambre, he querido ser deseada, he querido ser amada. He sido espectadora de otras vidas y tambi\u00e9n he imaginado la m\u00eda. He sido parte d ella idea de transformar mi cuerpo para entonces vivir lo que se ha deseado, hoy he derrocado la idea.<\/p>\n<p>El deseo tal vez se genera al pensar en la muerte, en la finitud. Un cuerpo parece cobrar sentido cuan-do fallece, en entonces cuando adquiere valor lo vivido y aquello que no.<\/p>\n<p>\u00bfQu\u00e9 narra este cuerpo m\u00edo?<\/p>\n<p>Este proyecto nace de la necesidad de reconocer la memoria de mi cuerpo. \u00bfCu\u00e1l es su historia, cu\u00e1l es el valor de esa historia, qu\u00e9 puede contar, qu\u00e9 no, c\u00f3moo se ha vivido desde este lugar, qu\u00e9 es lo que nos fatiga de ser uno mismo y c\u00f3moo es que este cuerpo se ha relacionado con el mundo?<\/p>\n<p>Este es un ejercicio de percepci\u00f3n: mirarse desde otro lugar, salir del canon, resistir y reivindicar el sentido de la existencia; aunque la carencia, lo no vivido y el entorno sean lo mismo. La existencia entera est\u00e1 envuelta en nuestra piel.<\/p>\n<p>\u00bfQu\u00e9 m\u00e1s sino cuerpo es todo lo que somos?[\/mk_fancy_title][\/vc_column][vc_column width=&#8221;1\/3&#8243;][vc_widget_sidebar sidebar_id=&#8221;sidebar-2&#8243;][\/vc_column][\/mk_page_section]\n","protected":false},"excerpt":{"rendered":"<p>[mk_page_section video_loop=&#8221;false&#8221; min_height=&#8221;0&#8243; padding_top=&#8221;0&#8243; padding_bottom=&#8221;0&#8243; sidebar=&#8221;sidebar-1&#8243;][vc_column width=&#8221;2\/3&#8243;][vc_row_inner][vc_column_inner width=&#8221;1\/2&#8243;][mk_gallery images=&#8221;542&#8243; column=&#8221;2&#8243; image_size=&#8221;medium&#8221; item_spacing=&#8221;4&#8243; margin_bottom=&#8221;35&#8243;][mk_image src=&#8221;https:\/\/bantics.xyz\/bgmil\/wp-content\/uploads\/2017\/05\/boletos-int-1-1.png&#8221; image_size=&#8221;full&#8221; link=&#8221;https:\/\/boletopolis.com\/es\/agrupacion\/elmilagro&#8221; target=&#8221;_blank&#8221; align=&#8221;center&#8221;][\/vc_column_inner][vc_column_inner width=&#8221;1\/2&#8243;][mk_fancy_title tag_name=&#8221;span&#8221; margin_bottom=&#8221;0&#8243; font_family=&#8221;none&#8221;] Fechas y horarios: Jueves 6 de julio, 20:00 horas Jueves 13 de julio, 20:00 horas[\/mk_fancy_title][\/vc_column_inner][\/vc_row_inner][mk_divider][mk_fancy_title tag_name=&#8221;span&#8221; margin_bottom=&#8221;0&#8243; font_family=&#8221;none&#8221;] Sinopsis: Los cuerpos son diferencias, las historias de los cuerpos tambi\u00e9n. Mir\u00e9 el entorno y [&hellip;]<\/p>\n","protected":false},"author":4,"featured_media":542,"comment_status":"open","ping_status":"open","sticky":false,"template":"","format":"standard","meta":[],"categories":[1],"tags":[],"_links":{"self":[{"href":"https:\/\/elmilagro.org.mx\/st\/wp-json\/wp\/v2\/posts\/463"}],"collection":[{"href":"https:\/\/elmilagro.org.mx\/st\/wp-json\/wp\/v2\/posts"}],"about":[{"href":"https:\/\/elmilagro.org.mx\/st\/wp-json\/wp\/v2\/types\/post"}],"author":[{"embeddable":true,"href":"https:\/\/elmilagro.org.mx\/st\/wp-json\/wp\/v2\/users\/4"}],"replies":[{"embeddable":true,"href":"https:\/\/elmilagro.org.mx\/st\/wp-json\/wp\/v2\/comments?post=463"}],"version-history":[{"count":0,"href":"https:\/\/elmilagro.org.mx\/st\/wp-json\/wp\/v2\/posts\/463\/revisions"}],"wp:featuredmedia":[{"embeddable":true,"href":"https:\/\/elmilagro.org.mx\/st\/wp-json\/wp\/v2\/media\/542"}],"wp:attachment":[{"href":"https:\/\/elmilagro.org.mx\/st\/wp-json\/wp\/v2\/media?parent=463"}],"wp:term":[{"taxonomy":"category","embeddable":true,"href":"https:\/\/elmilagro.org.mx\/st\/wp-json\/wp\/v2\/categories?post=463"},{"taxonomy":"post_tag","embeddable":true,"href":"https:\/\/elmilagro.org.mx\/st\/wp-json\/wp\/v2\/tags?post=463"}],"curies":[{"name":"wp","href":"https:\/\/api.w.org\/{rel}","templated":true}]}}