{"id":4436,"date":"2022-10-28T00:37:19","date_gmt":"2022-10-28T05:37:19","guid":{"rendered":"https:\/\/elmilagro.org.mx\/st\/?p=4436"},"modified":"2022-11-08T07:57:08","modified_gmt":"2022-11-08T13:57:08","slug":"las-irremediables-cosas","status":"publish","type":"post","link":"https:\/\/elmilagro.org.mx\/st\/las-irremediables-cosas\/","title":{"rendered":"Las irremediables cosas"},"content":{"rendered":"[mk_page_section min_height=&#8221;0&#8243; padding_top=&#8221;0&#8243; padding_bottom=&#8221;0&#8243; sidebar=&#8221;sidebar-1&#8243;][vc_column width=&#8221;2\/3&#8243;][vc_row_inner][vc_column_inner width=&#8221;1\/2&#8243;][mk_gallery images=&#8221;4437,4440,4441,4442,4443&#8243; column=&#8221;2&#8243; image_size=&#8221;medium&#8221; item_spacing=&#8221;4&#8243; margin_bottom=&#8221;50&#8243;][mk_image src=&#8221;https:\/\/bantics.xyz\/bgmil\/wp-content\/uploads\/2017\/05\/boletos-int-1.png&#8221; image_size=&#8221;full&#8221; link=&#8221;https:\/\/boletopolis.com\/es\/agrupacion\/elmilagro&#8221; target=&#8221;_blank&#8221; align=&#8221;center&#8221;][\/vc_column_inner][vc_column_inner width=&#8221;1\/2&#8243;][mk_fancy_title tag_name=&#8221;span&#8221; margin_bottom=&#8221;0&#8243; font_family=&#8221;none&#8221;]Coreograf\u00eda y direcci\u00f3n: <strong>Antonio Soria<\/strong><\/p>\n<p>&nbsp;<\/p>\n<p>&nbsp;<\/p>\n<p>&nbsp;<\/p>\n<p>Elenco:<\/p>\n<p><strong>B\u00e1rbara Alvarado, Sara Montero y Yoshio Cordoba<span class=\"Apple-converted-space\">\u00a0<\/span><\/strong><\/p>\n<p>&nbsp;<\/p>\n<p>&nbsp;<\/p>\n<p><strong>\u00a0<\/strong><\/p>\n<p>&nbsp;<\/p>\n<p>&nbsp;<\/p>\n<p>&nbsp;<\/p>\n<p><strong>Fechas y horarios:<\/strong><\/p>\n<p>5 y 6 de noviembre<\/p>\n<p>S\u00e1bado 19 h<\/p>\n<p>Domingo 18 h<\/p>\n<p>&nbsp;<\/p>\n<p>&nbsp;<\/p>\n<p>&nbsp;<\/p>\n<div class=\"gmail_quote\">\n<div dir=\"auto\">\n<div dir=\"ltr\">\n<div class=\"gmail_quote\">\n<p>&nbsp;<\/p>\n<\/div>\n<\/div>\n<\/div>\n<\/div>\n<div class=\"gmail_quote\">\n<div dir=\"auto\">\n<div dir=\"ltr\">\n<div class=\"gmail_quote\">\n<hr \/>\n<p><strong>Boletos disponibles en<a href=\"https:\/\/elmilagro.boletopolis.com\/\"> elmilagro.boletopolis.com<\/a><\/strong><\/p>\n<\/div>\n<\/div>\n<\/div>\n<\/div>\n[\/mk_fancy_title][\/vc_column_inner][\/vc_row_inner][mk_divider][mk_fancy_title tag_name=&#8221;span&#8221; margin_bottom=&#8221;0&#8243; font_family=&#8221;none&#8221;]\n<h3>Sinopsis<\/h3>\n<p><b><i>Las irremediables cosas de nosotros mismos<\/i>, <\/b>pieza finalista del premio nacional de danza Guillermo Arriaga 2019, nos pregunta, \u00bfde qu\u00e9 trata la vida cuando pedimos a gritos que nos escuchen y realmente nadie nos oye? Este asesino silencioso de nosotros mismos busca la manera de pedir ayuda sin pedirla. Pero nadie se percata de quienes somos, como somos, como nos sentimos y hacia qu\u00e9 destino vamos. Eligiendo el \u00fanico camino que nos queda. Estos tres personajes cuentan el \u00faltimo d\u00eda de sus vidas: un ritual de preparaci\u00f3n para cruzar la linea entre la vida y la muerte. Reactivando recuerdos, sue\u00f1os, a\u00f1oranzas y esperanzas, todo aquello que en conjunto se transformaba en un \u00faltimo gramo de felicidad para ser inhalado y silenciado por sus propias voces y tomar la decisi\u00f3n.<span class=\"Apple-converted-space\">\u00a0<\/span>[\/mk_fancy_title][\/vc_column][vc_column width=&#8221;1\/3&#8243;][vc_widget_sidebar sidebar_id=&#8221;sidebar-1&#8243;][\/vc_column][\/mk_page_section]\n","protected":false},"excerpt":{"rendered":"<p>[mk_page_section min_height=&#8221;0&#8243; padding_top=&#8221;0&#8243; padding_bottom=&#8221;0&#8243; sidebar=&#8221;sidebar-1&#8243;][vc_column width=&#8221;2\/3&#8243;][vc_row_inner][vc_column_inner width=&#8221;1\/2&#8243;][mk_gallery images=&#8221;4437,4440,4441,4442,4443&#8243; column=&#8221;2&#8243; image_size=&#8221;medium&#8221; item_spacing=&#8221;4&#8243; margin_bottom=&#8221;50&#8243;][mk_image src=&#8221;https:\/\/bantics.xyz\/bgmil\/wp-content\/uploads\/2017\/05\/boletos-int-1.png&#8221; image_size=&#8221;full&#8221; link=&#8221;https:\/\/boletopolis.com\/es\/agrupacion\/elmilagro&#8221; target=&#8221;_blank&#8221; align=&#8221;center&#8221;][\/vc_column_inner][vc_column_inner width=&#8221;1\/2&#8243;][mk_fancy_title tag_name=&#8221;span&#8221; margin_bottom=&#8221;0&#8243; font_family=&#8221;none&#8221;]Coreograf\u00eda y direcci\u00f3n: Antonio Soria &nbsp; &nbsp; &nbsp; Elenco: B\u00e1rbara Alvarado, Sara Montero y Yoshio Cordoba\u00a0 &nbsp; &nbsp; \u00a0 &nbsp; &nbsp; &nbsp; Fechas y horarios: 5 y 6 de noviembre S\u00e1bado 19 h Domingo 18 [&hellip;]<\/p>\n","protected":false},"author":4,"featured_media":4437,"comment_status":"open","ping_status":"open","sticky":false,"template":"","format":"standard","meta":[],"categories":[5],"tags":[],"_links":{"self":[{"href":"https:\/\/elmilagro.org.mx\/st\/wp-json\/wp\/v2\/posts\/4436"}],"collection":[{"href":"https:\/\/elmilagro.org.mx\/st\/wp-json\/wp\/v2\/posts"}],"about":[{"href":"https:\/\/elmilagro.org.mx\/st\/wp-json\/wp\/v2\/types\/post"}],"author":[{"embeddable":true,"href":"https:\/\/elmilagro.org.mx\/st\/wp-json\/wp\/v2\/users\/4"}],"replies":[{"embeddable":true,"href":"https:\/\/elmilagro.org.mx\/st\/wp-json\/wp\/v2\/comments?post=4436"}],"version-history":[{"count":3,"href":"https:\/\/elmilagro.org.mx\/st\/wp-json\/wp\/v2\/posts\/4436\/revisions"}],"predecessor-version":[{"id":4444,"href":"https:\/\/elmilagro.org.mx\/st\/wp-json\/wp\/v2\/posts\/4436\/revisions\/4444"}],"wp:featuredmedia":[{"embeddable":true,"href":"https:\/\/elmilagro.org.mx\/st\/wp-json\/wp\/v2\/media\/4437"}],"wp:attachment":[{"href":"https:\/\/elmilagro.org.mx\/st\/wp-json\/wp\/v2\/media?parent=4436"}],"wp:term":[{"taxonomy":"category","embeddable":true,"href":"https:\/\/elmilagro.org.mx\/st\/wp-json\/wp\/v2\/categories?post=4436"},{"taxonomy":"post_tag","embeddable":true,"href":"https:\/\/elmilagro.org.mx\/st\/wp-json\/wp\/v2\/tags?post=4436"}],"curies":[{"name":"wp","href":"https:\/\/api.w.org\/{rel}","templated":true}]}}