{"id":4425,"date":"2022-10-28T00:36:56","date_gmt":"2022-10-28T05:36:56","guid":{"rendered":"https:\/\/elmilagro.org.mx\/st\/?p=4425"},"modified":"2022-11-16T11:58:49","modified_gmt":"2022-11-16T17:58:49","slug":"solos-en-transito-xv","status":"publish","type":"post","link":"https:\/\/elmilagro.org.mx\/st\/solos-en-transito-xv\/","title":{"rendered":"Solos en tr\u00e1nsito XV"},"content":{"rendered":"[mk_page_section min_height=&#8221;0&#8243; padding_top=&#8221;0&#8243; padding_bottom=&#8221;0&#8243; sidebar=&#8221;sidebar-1&#8243;][vc_column width=&#8221;2\/3&#8243;][vc_row_inner][vc_column_inner width=&#8221;1\/2&#8243;][mk_gallery images=&#8221;4427,4462,4463,4464,4465,4466,4467,4468,4469&#8243; column=&#8221;2&#8243; image_size=&#8221;medium&#8221; item_spacing=&#8221;4&#8243; margin_bottom=&#8221;50&#8243;][mk_image src=&#8221;https:\/\/bantics.xyz\/bgmil\/wp-content\/uploads\/2017\/05\/boletos-int-1.png&#8221; image_size=&#8221;full&#8221; link=&#8221;https:\/\/boletopolis.com\/es\/agrupacion\/elmilagro&#8221; target=&#8221;_blank&#8221; align=&#8221;center&#8221;][\/vc_column_inner][vc_column_inner width=&#8221;1\/2&#8243;][mk_fancy_title tag_name=&#8221;span&#8221; margin_bottom=&#8221;0&#8243; font_family=&#8221;none&#8221;]Direcci\u00f3n:<\/p>\n<p><strong>Rafael Rosales<\/strong><\/p>\n<p>&nbsp;<\/p>\n<p>&nbsp;<\/p>\n<p><strong>\u00a0<\/strong><\/p>\n<p>Elenco 1:<\/p>\n<p><strong>Janice Platt, Juan Meza, Luis Vallejo, \u00c9rika Su\u00e1rez, Guillermo Magall\u00f3n, Noelia Rojas, Ximena Martin del Campo, Olga Rodr\u00edguez y Domingo Rubio<\/strong><\/p>\n<p>&nbsp;<\/p>\n<p>&nbsp;<\/p>\n<p>Elenco 2:<\/p>\n<p><strong>Ricardo Rubio, Mijail Rojas, Viv\u00edan Cruz, Olivia Luna, Olga Rodr\u00edguez, Omar Carrun , Rafael Rosales.<\/strong><\/p>\n<p>&nbsp;<\/p>\n<p>&nbsp;<\/p>\n<p>&nbsp;<\/p>\n<p><strong>Fechas y horarios:<\/strong><\/p>\n<p>Del 10 al 13 de noviembre<\/p>\n<p>Jueves y viernes \u00a020 h<\/p>\n<p>S\u00e1bado 19 h<\/p>\n<p>Domingo 18 h<\/p>\n<p>&nbsp;<\/p>\n<p>&nbsp;<\/p>\n<p>&nbsp;<\/p>\n<div class=\"gmail_quote\">\n<div dir=\"auto\">\n<div dir=\"ltr\">\n<div class=\"gmail_quote\">\n<p>&nbsp;<\/p>\n<\/div>\n<\/div>\n<\/div>\n<\/div>\n<div class=\"gmail_quote\">\n<div dir=\"auto\">\n<div dir=\"ltr\">\n<div class=\"gmail_quote\">\n<hr \/>\n<p><strong>ENTRADA LIBRE <\/strong>con donativo voluntario<strong>.<br \/>\nReserva en <a href=\"https:\/\/elmilagro.boletopolis.com\/\">elmilagro.boletopolis.com<\/a><\/strong><\/p>\n<\/div>\n<\/div>\n<\/div>\n<\/div>\n[\/mk_fancy_title][\/vc_column_inner][\/vc_row_inner][mk_divider][mk_fancy_title tag_name=&#8221;span&#8221; margin_bottom=&#8221;0&#8243; font_family=&#8221;none&#8221;]\n<h3>Sinopsis<\/h3>\n<p>En este a\u00f1o 2022 el Festival SOLOS EN TR\u00c1NSITO llega a su XV edici\u00f3n, iniciando los festejos en el mes de mayo en la ciudad de Xalapa , Veracruz en colaboraci\u00f3n con \u201cArtifice, Centro Vocacional y Profesional para la danza\u201d bajo la direcci\u00f3n de Mijail Rojas y \u00c9rika Su\u00e1rez , continuando los festejos en el \u201cTeatro Varsovia\u201d en el mes de Julio y cerrando esta celebraci\u00f3n en el emblem\u00e1tico \u201cTeatro el Milagro\u201d en el mes de noviembre.<\/p>\n<p>Dentro de este proyecto, dirigido por el maestro Rafael Rosales, se ha abierto una plataforma s\u00f3lida para el encuentro de bailarines que han sido invitados personalmente por su destacada trayectoria<\/p>\n<p>y capacidad interpretativa.<span class=\"Apple-converted-space\">\u00a0<\/span><\/p>\n<p>El Festival es, sin duda, el festival de solistas de danza contempor\u00e1nea m\u00e1s importante del pa\u00eds. Convoca entre cinco y doce bailarines, que presentan un soliloquio de diez minutos, ya sea de su autor\u00eda o de otro core\u00f3grafo , y cada d\u00eda se presentan de cinco a 6 solistas.<\/p>\n<p>Es un proyecto que no cuenta con convocatoria establecida porque cre\u00e9 que el artista debe ser reconocido por su talento y es as\u00ed como cada a\u00f1o se han involucrado distintas personalidades dentro del Festival.<\/p>\n<p>Es un proyecto gestado por amor profundo a la danza y por llevar a distintos lugares del pa\u00eds y el extranjero la calidad de danza que se construye en el territorio nacional a trav\u00e9s de figuras e int\u00e9rpetes de amplia trayectoria y de facturas po\u00e9ticas y complejas del quehacer esc\u00e9nico.[\/mk_fancy_title][\/vc_column][vc_column width=&#8221;1\/3&#8243;][vc_widget_sidebar sidebar_id=&#8221;sidebar-1&#8243;][\/vc_column][\/mk_page_section]\n","protected":false},"excerpt":{"rendered":"<p>[mk_page_section min_height=&#8221;0&#8243; padding_top=&#8221;0&#8243; padding_bottom=&#8221;0&#8243; sidebar=&#8221;sidebar-1&#8243;][vc_column width=&#8221;2\/3&#8243;][vc_row_inner][vc_column_inner width=&#8221;1\/2&#8243;][mk_gallery images=&#8221;4427,4462,4463,4464,4465,4466,4467,4468,4469&#8243; column=&#8221;2&#8243; image_size=&#8221;medium&#8221; item_spacing=&#8221;4&#8243; margin_bottom=&#8221;50&#8243;][mk_image src=&#8221;https:\/\/bantics.xyz\/bgmil\/wp-content\/uploads\/2017\/05\/boletos-int-1.png&#8221; image_size=&#8221;full&#8221; link=&#8221;https:\/\/boletopolis.com\/es\/agrupacion\/elmilagro&#8221; target=&#8221;_blank&#8221; align=&#8221;center&#8221;][\/vc_column_inner][vc_column_inner width=&#8221;1\/2&#8243;][mk_fancy_title tag_name=&#8221;span&#8221; margin_bottom=&#8221;0&#8243; font_family=&#8221;none&#8221;]Direcci\u00f3n: Rafael Rosales &nbsp; &nbsp; \u00a0 Elenco 1: Janice Platt, Juan Meza, Luis Vallejo, \u00c9rika Su\u00e1rez, Guillermo Magall\u00f3n, Noelia Rojas, Ximena Martin del Campo, Olga Rodr\u00edguez y Domingo Rubio &nbsp; &nbsp; Elenco 2: Ricardo Rubio, [&hellip;]<\/p>\n","protected":false},"author":4,"featured_media":4427,"comment_status":"open","ping_status":"open","sticky":false,"template":"","format":"standard","meta":[],"categories":[5],"tags":[],"_links":{"self":[{"href":"https:\/\/elmilagro.org.mx\/st\/wp-json\/wp\/v2\/posts\/4425"}],"collection":[{"href":"https:\/\/elmilagro.org.mx\/st\/wp-json\/wp\/v2\/posts"}],"about":[{"href":"https:\/\/elmilagro.org.mx\/st\/wp-json\/wp\/v2\/types\/post"}],"author":[{"embeddable":true,"href":"https:\/\/elmilagro.org.mx\/st\/wp-json\/wp\/v2\/users\/4"}],"replies":[{"embeddable":true,"href":"https:\/\/elmilagro.org.mx\/st\/wp-json\/wp\/v2\/comments?post=4425"}],"version-history":[{"count":4,"href":"https:\/\/elmilagro.org.mx\/st\/wp-json\/wp\/v2\/posts\/4425\/revisions"}],"predecessor-version":[{"id":4471,"href":"https:\/\/elmilagro.org.mx\/st\/wp-json\/wp\/v2\/posts\/4425\/revisions\/4471"}],"wp:featuredmedia":[{"embeddable":true,"href":"https:\/\/elmilagro.org.mx\/st\/wp-json\/wp\/v2\/media\/4427"}],"wp:attachment":[{"href":"https:\/\/elmilagro.org.mx\/st\/wp-json\/wp\/v2\/media?parent=4425"}],"wp:term":[{"taxonomy":"category","embeddable":true,"href":"https:\/\/elmilagro.org.mx\/st\/wp-json\/wp\/v2\/categories?post=4425"},{"taxonomy":"post_tag","embeddable":true,"href":"https:\/\/elmilagro.org.mx\/st\/wp-json\/wp\/v2\/tags?post=4425"}],"curies":[{"name":"wp","href":"https:\/\/api.w.org\/{rel}","templated":true}]}}