{"id":4347,"date":"2022-09-20T07:56:56","date_gmt":"2022-09-20T12:56:56","guid":{"rendered":"https:\/\/elmilagro.org.mx\/st\/?p=4347"},"modified":"2022-11-08T07:57:34","modified_gmt":"2022-11-08T13:57:34","slug":"querido-manuel","status":"publish","type":"post","link":"https:\/\/elmilagro.org.mx\/st\/querido-manuel\/","title":{"rendered":"Querido Manuel"},"content":{"rendered":"[vc_row][vc_column][vc_column_text]\n\n[\/vc_column_text][\/vc_column][\/vc_row][mk_page_section min_height=&#8221;0&#8243; padding_top=&#8221;0&#8243; padding_bottom=&#8221;0&#8243; sidebar=&#8221;sidebar-1&#8243;][vc_column width=&#8221;2\/3&#8243;][vc_row_inner][vc_column_inner width=&#8221;1\/2&#8243;][mk_gallery images=&#8221;4348,4349&#8243; column=&#8221;2&#8243; image_size=&#8221;medium&#8221; item_spacing=&#8221;4&#8243; margin_bottom=&#8221;50&#8243;][\/vc_column_inner][vc_column_inner width=&#8221;1\/2&#8243;][mk_fancy_title tag_name=&#8221;span&#8221; margin_bottom=&#8221;0&#8243; font_family=&#8221;none&#8221;]\n<div dir=\"ltr\">\n<div class=\"gmail_quote\">\n<div dir=\"auto\">\n<div dir=\"ltr\">\n<div class=\"gmail_quote\">\n<p>ESPECT\u00c1CULO BASADO EN LAS CARTAS DE&nbsp;ANDR\u00c9S SEGOVIA Y LA M\u00daSICA DE&nbsp;MANUEL M. PONCE.<\/p>\n<p>&nbsp;<\/p>\n<p>&nbsp;<\/p>\n<p>&nbsp;<\/p>\n<p>&nbsp;<\/p>\n<p>Direcci\u00f3n e interpretaci\u00f3n: Fidel Monroy&nbsp;<\/p>\n<p>&nbsp;<\/p>\n<p>&nbsp;<\/p>\n<p>&nbsp;<\/p>\n<p>&nbsp;<\/p>\n<p>Guitarra: Ra\u00fal Zambrano<\/p>\n<p>&nbsp;<\/p>\n<p>&nbsp;<\/p>\n<p>&nbsp;<\/p>\n<p>&nbsp;<\/p>\n<p><strong>Fechas y horarios<\/strong><\/p>\n<p>Mi\u00e9rcoles 21 de septiembre&nbsp;20 h<br \/>Mi\u00e9rcoles 28 de septiembre&nbsp;20 h<br \/>Domingo 6 de noviembre 13 h<\/p>\n<p><b>#\u00danicasFunciones&nbsp;<\/b><\/p>\n<p>&nbsp;<\/p>\n<p>&nbsp;<\/p>\n<p>&nbsp;<\/p>\n<\/div>\n<\/div>\n<\/div>\n<\/div>\n<div class=\"gmail_quote\">\n<div dir=\"auto\">\n<div dir=\"ltr\">\n<div class=\"gmail_quote\">\n<hr>\n<p><strong>Boletos disponibles en<a href=\"https:\/\/elmilagro.boletopolis.com\/\"> elmilagro.boletopolis.com<\/a><\/strong><\/p>\n<\/div>\n<\/div>\n<\/div>\n<\/div>\n<\/div>\n[\/mk_fancy_title][\/vc_column_inner][\/vc_row_inner][mk_divider][mk_fancy_title tag_name=&#8221;span&#8221; margin_bottom=&#8221;0&#8243; font_family=&#8221;none&#8221;]\n<h3>SINOPSIS<\/h3>\n<div>\n<p>Espect\u00e1culo basado en las cartas de Andr\u00e9s Segovia y la m\u00fasica de Manuel M Ponce. La relaci\u00f3n epistolar que ambos sostuvieron nos permite penetrar el misterio de la personalidad de estos dos artistas y la g\u00e9nesis de estas obras. S\u00f3lo tenemos las cartas que Segovia escribiera a Ponce, as\u00ed que el di\u00e1logo se establece entre la voz del c\u00e9lebre guitarrista andaluz, y la m\u00fasica con la que Ponce respondiera a cada misiva.<\/p>\n<\/div>\n[\/mk_fancy_title][\/vc_column][vc_column width=&#8221;1\/3&#8243;][vc_widget_sidebar sidebar_id=&#8221;sidebar-2&#8243;][\/vc_column][\/mk_page_section][vc_row][vc_column][vc_column_text]\n\n\n[\/vc_column_text][\/vc_column][\/vc_row]","protected":false},"excerpt":{"rendered":"<p>[vc_row][vc_column][vc_column_text] [\/vc_column_text][\/vc_column][\/vc_row]<\/p>\n","protected":false},"author":4,"featured_media":4348,"comment_status":"open","ping_status":"open","sticky":false,"template":"","format":"standard","meta":[],"categories":[2,5],"tags":[],"_links":{"self":[{"href":"https:\/\/elmilagro.org.mx\/st\/wp-json\/wp\/v2\/posts\/4347"}],"collection":[{"href":"https:\/\/elmilagro.org.mx\/st\/wp-json\/wp\/v2\/posts"}],"about":[{"href":"https:\/\/elmilagro.org.mx\/st\/wp-json\/wp\/v2\/types\/post"}],"author":[{"embeddable":true,"href":"https:\/\/elmilagro.org.mx\/st\/wp-json\/wp\/v2\/users\/4"}],"replies":[{"embeddable":true,"href":"https:\/\/elmilagro.org.mx\/st\/wp-json\/wp\/v2\/comments?post=4347"}],"version-history":[{"count":2,"href":"https:\/\/elmilagro.org.mx\/st\/wp-json\/wp\/v2\/posts\/4347\/revisions"}],"predecessor-version":[{"id":4353,"href":"https:\/\/elmilagro.org.mx\/st\/wp-json\/wp\/v2\/posts\/4347\/revisions\/4353"}],"wp:featuredmedia":[{"embeddable":true,"href":"https:\/\/elmilagro.org.mx\/st\/wp-json\/wp\/v2\/media\/4348"}],"wp:attachment":[{"href":"https:\/\/elmilagro.org.mx\/st\/wp-json\/wp\/v2\/media?parent=4347"}],"wp:term":[{"taxonomy":"category","embeddable":true,"href":"https:\/\/elmilagro.org.mx\/st\/wp-json\/wp\/v2\/categories?post=4347"},{"taxonomy":"post_tag","embeddable":true,"href":"https:\/\/elmilagro.org.mx\/st\/wp-json\/wp\/v2\/tags?post=4347"}],"curies":[{"name":"wp","href":"https:\/\/api.w.org\/{rel}","templated":true}]}}