{"id":4318,"date":"2022-10-08T08:21:23","date_gmt":"2022-10-08T13:21:23","guid":{"rendered":"https:\/\/elmilagro.org.mx\/st\/?p=4318"},"modified":"2022-11-08T07:59:22","modified_gmt":"2022-11-08T13:59:22","slug":"el-rey-se-muere","status":"publish","type":"post","link":"https:\/\/elmilagro.org.mx\/st\/el-rey-se-muere\/","title":{"rendered":"El rey se muere"},"content":{"rendered":"[mk_page_section min_height=&#8221;0&#8243; padding_top=&#8221;0&#8243; padding_bottom=&#8221;0&#8243; sidebar=&#8221;sidebar-1&#8243;][vc_column width=&#8221;2\/3&#8243;][vc_row_inner][vc_column_inner width=&#8221;1\/2&#8243;][mk_gallery images=&#8221;4417,4416,4419,4418,4420&#8243; column=&#8221;2&#8243; image_size=&#8221;medium&#8221; item_spacing=&#8221;4&#8243; margin_bottom=&#8221;50&#8243;][mk_image src=&#8221;https:\/\/bantics.xyz\/bgmil\/wp-content\/uploads\/2017\/05\/boletos-int-1.png&#8221; image_size=&#8221;full&#8221; link=&#8221;https:\/\/boletopolis.com\/es\/agrupacion\/elmilagro&#8221; target=&#8221;_blank&#8221; align=&#8221;center&#8221;][\/vc_column_inner][vc_column_inner width=&#8221;1\/2&#8243;][mk_fancy_title tag_name=&#8221;span&#8221; margin_bottom=&#8221;0&#8243; font_family=&#8221;none&#8221;]\n<p class=\"p1\"><span class=\"s1\">de Eug\u00e8ne Ionesco<\/span><\/p>\n<p>&nbsp;<\/p>\n<p>&nbsp;<\/p>\n<p>&nbsp;<\/p>\n<p class=\"p1\"><span class=\"s1\"><br \/>\nUna co-producci\u00f3n de Compa\u00f1\u00eda Comala y Teatro<span class=\"Apple-converted-space\">&nbsp; <\/span>El Milagro<\/span><\/p>\n<p>&nbsp;<\/p>\n<p>&nbsp;<\/p>\n<p>&nbsp;<\/p>\n<p>&nbsp;<\/p>\n<p class=\"p1\"><span class=\"s1\">Adaptaci\u00f3n y direcci\u00f3n: David Olgu\u00edn<\/span><\/p>\n<p>&nbsp;<\/p>\n<p>&nbsp;<\/p>\n<p>&nbsp;<\/p>\n<p>&nbsp;<\/p>\n<p class=\"p1\"><span class=\"s1\">Con: Laura Almela, Ana\u00efs Umano, Denis Lavant,&nbsp;Pedro Mira.<\/span><\/p>\n<p>&nbsp;<\/p>\n<p>&nbsp;<\/p>\n<p>&nbsp;<\/p>\n<p>&nbsp;<\/p>\n<p class=\"p1\"><span class=\"s1\">Producci\u00f3n general: Fernando Valenzuela<\/span><\/p>\n<p>&nbsp;<\/p>\n<p>&nbsp;<\/p>\n<p>&nbsp;<\/p>\n<p class=\"p1\"><span class=\"s1\"><br \/>\nEscenograf\u00eda e iluminaci\u00f3n: Gabriel Pascal<\/span><\/p>\n<p>&nbsp;<\/p>\n<p>&nbsp;<\/p>\n<p>&nbsp;<\/p>\n<p>&nbsp;<\/p>\n<p class=\"p1\"><span class=\"s1\">Vestuario: Laura Rosas<\/span><\/p>\n<p>&nbsp;<\/p>\n<p>&nbsp;<\/p>\n<p>&nbsp;<\/p>\n<p>&nbsp;<\/p>\n<p class=\"p1\"><span class=\"s1\">Musicalizaci\u00f3n: Rodrigo Espinoza<\/span><\/p>\n<p>&nbsp;<\/p>\n<p>&nbsp;<\/p>\n<p>&nbsp;<\/p>\n<p>&nbsp;<\/p>\n<p class=\"p1\"><span class=\"s1\">Producci\u00f3n ejecutiva: Rosa Eglantina Gonz\u00e1lez <\/span><\/p>\n<p>&nbsp;<\/p>\n<p>&nbsp;<\/p>\n<p>&nbsp;<\/p>\n<p class=\"p1\"><span class=\"s1\"><br \/>\nAsistencia de producci\u00f3n:&nbsp;<\/span><span class=\"s1\">Tayde Pedraza<\/span><\/p>\n<p>&nbsp;<\/p>\n<p>&nbsp;<\/p>\n<p>&nbsp;<\/p>\n<p><strong><br \/>\nFechas y horarios:<br \/>\n<\/strong><\/p>\n<div class=\"gmail_quote\">\n<div dir=\"auto\">\n<div dir=\"ltr\">\n<div class=\"gmail_quote\">\n<p>Martes, mi\u00e9rcoles, jueves y viernes 20 h<br \/>\nS\u00e1bado 18 y 20:30 h<br \/>\nDomingo 18 h<\/p>\n<\/div>\n<\/div>\n<p>&nbsp;<\/p>\n<\/div>\n<\/div>\n<div class=\"gmail_quote\">\n<div dir=\"auto\">\n<div dir=\"ltr\">\n<div class=\"gmail_quote\">\n<hr>\n<p><strong>Boletos disponibles en<a href=\"https:\/\/elmilagro.boletopolis.com\/\"> elmilagro.boletopolis.com<\/a><\/strong><\/p>\n<\/div>\n<\/div>\n<\/div>\n<\/div>\n[\/mk_fancy_title][\/vc_column_inner][\/vc_row_inner][mk_divider][mk_fancy_title tag_name=&#8221;span&#8221; margin_bottom=&#8221;0&#8243; font_family=&#8221;none&#8221;]\n<h3>Sinopsis<\/h3>\n<p class=\"p1\"><span class=\"s1\">Todas y todos somos reyes de nuestro propio imperio, nuestro cuerpo, y la piel es la frontera de nuestro ser en el tiempo.<span class=\"Apple-converted-space\">&nbsp; <\/span>Morir, en este sentido, es un espect\u00e1culo tr\u00e1gico, pero visto con distancia y mediante los poderes del teatro deIonesco, el absurdo da lugar a la risa. El tel\u00f3n caer\u00e1 para Berenguer II. Sin embargo, en el transcurso del viaje se r\u00ede, hay amor y pasiones, poder y rapacidad pol\u00edtica. En este espect\u00e1culo conviven el franc\u00e9s y el espa\u00f1ol, y el espectador entiende todo, adem\u00e1s de entender, de ra\u00edz, el motivo del experimento: aqu\u00ed y en China podr\u00edamos re\u00edr tr\u00e1gicamente de aquello que Ionesco escribi\u00f3 en su Diario a prop\u00f3sito de El rey se muere: \u201cDiez minutos m\u00e1s, se\u00f1or verdugo; un minuto m\u00e1s se\u00f1or verdugo, treinta segundos m\u00e1s\u201d. Para eso, \u00bfqui\u00e9n est\u00e1 preparado?<\/span><\/p>\n<p class=\"s3\">[\/mk_fancy_title][\/vc_column][vc_column width=&#8221;1\/3&#8243;][vc_widget_sidebar sidebar_id=&#8221;sidebar-1&#8243;][\/vc_column][\/mk_page_section]\n","protected":false},"excerpt":{"rendered":"<p>[mk_page_section min_height=&#8221;0&#8243; padding_top=&#8221;0&#8243; padding_bottom=&#8221;0&#8243; sidebar=&#8221;sidebar-1&#8243;][vc_column width=&#8221;2\/3&#8243;][vc_row_inner][vc_column_inner width=&#8221;1\/2&#8243;][mk_gallery images=&#8221;4417,4416,4419,4418,4420&#8243; column=&#8221;2&#8243; image_size=&#8221;medium&#8221; item_spacing=&#8221;4&#8243; margin_bottom=&#8221;50&#8243;][mk_image src=&#8221;https:\/\/bantics.xyz\/bgmil\/wp-content\/uploads\/2017\/05\/boletos-int-1.png&#8221; image_size=&#8221;full&#8221; link=&#8221;https:\/\/boletopolis.com\/es\/agrupacion\/elmilagro&#8221; target=&#8221;_blank&#8221; align=&#8221;center&#8221;][\/vc_column_inner][vc_column_inner width=&#8221;1\/2&#8243;][mk_fancy_title tag_name=&#8221;span&#8221; margin_bottom=&#8221;0&#8243; font_family=&#8221;none&#8221;] de Eug\u00e8ne Ionesco &nbsp; &nbsp; &nbsp; Una co-producci\u00f3n de Compa\u00f1\u00eda Comala y Teatro&nbsp; El Milagro &nbsp; &nbsp; &nbsp; &nbsp; Adaptaci\u00f3n y direcci\u00f3n: David Olgu\u00edn &nbsp; &nbsp; &nbsp; &nbsp; Con: Laura Almela, Ana\u00efs Umano, Denis [&hellip;]<\/p>\n","protected":false},"author":4,"featured_media":4391,"comment_status":"open","ping_status":"open","sticky":false,"template":"","format":"standard","meta":[],"categories":[5,7],"tags":[],"_links":{"self":[{"href":"https:\/\/elmilagro.org.mx\/st\/wp-json\/wp\/v2\/posts\/4318"}],"collection":[{"href":"https:\/\/elmilagro.org.mx\/st\/wp-json\/wp\/v2\/posts"}],"about":[{"href":"https:\/\/elmilagro.org.mx\/st\/wp-json\/wp\/v2\/types\/post"}],"author":[{"embeddable":true,"href":"https:\/\/elmilagro.org.mx\/st\/wp-json\/wp\/v2\/users\/4"}],"replies":[{"embeddable":true,"href":"https:\/\/elmilagro.org.mx\/st\/wp-json\/wp\/v2\/comments?post=4318"}],"version-history":[{"count":7,"href":"https:\/\/elmilagro.org.mx\/st\/wp-json\/wp\/v2\/posts\/4318\/revisions"}],"predecessor-version":[{"id":4421,"href":"https:\/\/elmilagro.org.mx\/st\/wp-json\/wp\/v2\/posts\/4318\/revisions\/4421"}],"wp:featuredmedia":[{"embeddable":true,"href":"https:\/\/elmilagro.org.mx\/st\/wp-json\/wp\/v2\/media\/4391"}],"wp:attachment":[{"href":"https:\/\/elmilagro.org.mx\/st\/wp-json\/wp\/v2\/media?parent=4318"}],"wp:term":[{"taxonomy":"category","embeddable":true,"href":"https:\/\/elmilagro.org.mx\/st\/wp-json\/wp\/v2\/categories?post=4318"},{"taxonomy":"post_tag","embeddable":true,"href":"https:\/\/elmilagro.org.mx\/st\/wp-json\/wp\/v2\/tags?post=4318"}],"curies":[{"name":"wp","href":"https:\/\/api.w.org\/{rel}","templated":true}]}}