{"id":4271,"date":"2022-07-19T09:22:01","date_gmt":"2022-07-19T14:22:01","guid":{"rendered":"https:\/\/elmilagro.org.mx\/st\/?p=4271"},"modified":"2022-09-08T08:28:56","modified_gmt":"2022-09-08T13:28:56","slug":"festival-internacional-al-alma-2022","status":"publish","type":"post","link":"https:\/\/elmilagro.org.mx\/st\/festival-internacional-al-alma-2022\/","title":{"rendered":"FESTIVAL INTERNACIONAL AL ALMA 2022"},"content":{"rendered":"[vc_row][vc_column][vc_column_text]\n\n[\/vc_column_text][\/vc_column][\/vc_row][mk_page_section min_height=&#8221;0&#8243; padding_top=&#8221;0&#8243; padding_bottom=&#8221;0&#8243; sidebar=&#8221;sidebar-1&#8243;][vc_column width=&#8221;2\/3&#8243;][vc_row_inner][vc_column_inner width=&#8221;1\/2&#8243;][mk_gallery images=&#8221;4274,4275,4276,4277,4278,4279,4269&#8243; column=&#8221;2&#8243; image_size=&#8221;medium&#8221; item_spacing=&#8221;4&#8243; margin_bottom=&#8221;50&#8243;][\/vc_column_inner][vc_column_inner width=&#8221;1\/2&#8243;][mk_fancy_title tag_name=&#8221;span&#8221; margin_bottom=&#8221;0&#8243; font_family=&#8221;none&#8221;]\n<div dir=\"ltr\">\n<div class=\"gmail_quote\">\n<div dir=\"auto\">\n<div dir=\"ltr\">\n<div class=\"gmail_quote\">\n<p><b>Master class El Teatro del Oprimido<\/b><br \/>Con Rui Frati &#8211; director Th\u00e9atre de I&#8217;Opprim\u00e9\u00a0Paris<br \/>TEATRO SOCIAL M\u00c9TODO DE AUGUSTO\u00a0BOAL<br \/><b><\/b><\/p>\n<p><b>26 de julio 18 h a 21 h<\/b><\/p>\n<p><b>entrada libre<\/b><b><\/b><\/p>\n<p>Previo registro en <strong><a href=\"https:\/\/elmilagro.boletopolis.com\/\">\u00a0elmilagro.boletopolis.com<\/a><\/strong><\/p>\n<p>&nbsp;<\/p>\n<p>&nbsp;<\/p>\n<p>&nbsp;<\/p>\n<p>&nbsp;<\/p>\n<p><b>Presentaci\u00f3n doble\u00a0<\/b><br \/>\u201cEl \u00faltimo acto de amor\u201d y \u201c\u00a1Ay! Un poeta\u201d<\/p>\n<p>&nbsp;<\/p>\n<p><b>#\u00danicasFunciones\u00a0<\/b><br \/>8 y 9 de agosto<br \/>Lunes y martes 20 y 21 h<\/p>\n<p><br data-cke-eol=\"1\" \/><\/p>\n<\/div>\n<\/div>\n<\/div>\n<\/div>\n<div class=\"gmail_quote\">\n<div dir=\"auto\">\n<div dir=\"ltr\">\n<div class=\"gmail_quote\">\n<hr \/>\n<p><strong>Boletos disponibles en<a href=\"https:\/\/elmilagro.boletopolis.com\/\"> elmilagro.boletopolis.com<\/a><\/strong><\/p>\n<\/div>\n<\/div>\n<\/div>\n<\/div>\n<\/div>\n[\/mk_fancy_title][\/vc_column_inner][\/vc_row_inner][mk_divider][mk_fancy_title tag_name=&#8221;span&#8221; margin_bottom=&#8221;0&#8243; font_family=&#8221;none&#8221;]\n<h3>SINOPSIS<\/h3>\n<p>El \u00faltimo acto de amor, del d\u00fao franco-espa\u00f1ol conformado por Clara Chapelet y Raquel Sastre Rojo, nos transporta hasta la historia de amor m\u00e1s bella, jam\u00e1s contada. Acreedora de los dos premios a la Mejor Obra del concurso de microteatro Islazultura de Madrid en 2017, por parte del jurado y del p\u00fablico, este espect\u00e1culo de marioneta portada nos enternece con la ayuda de la m\u00fasica original de Toninho do Carmo, exdirector musical de Georges Moustaki, y director musical actual del m\u00edtico Th\u00e9\u00e2tre de l\u2019Opprim\u00e9 de Par\u00eds. En un hospital, una anciana descansa respirando con dificultad. Su marido se pasa los d\u00edas junto a ella pues sabe que le queda poco tiempo. Un d\u00eda la anciana se despierta y le escribe algo en una pizarra. Esto le llevar\u00e1 a recordar 40 a\u00f1os atr\u00e1s: la primera cita con su primer amor, su \u00fanico amor. Pero no todos los recuerdos son buenos, un acontecimiento gris los llevar\u00e1 a hacerse una promesa&#8230; el \u00faltimo acto de amor.<br \/>Despu\u00e9s de un corto intermedio, nos adentramos al terreno de las rimas bajo la premisa que \u201cpese a que se dice que la poes\u00eda es herm\u00e9tica, aburridamente formal, alejada de la realidad y que los poetas han muerto&#8230; la poes\u00eda no es lo que crees.\u201d La obra intenta se\u00f1alar que los poetas est\u00e1n vivos y muy presentes en nuestras ciudades, en nuestro campo, a la vuelta de la esquina. \u00a1Ay! Un poeta nos habla de poes\u00eda y de nosotros mismos como nunca antes alguien lo ha hecho. Un viaje po\u00e9tico-musical en el que despertamos y encarnamos poemas encerrados en poemarios de las 4 esquinas del mundo. \u201c\u00a1Partamos hacia lo desconocido, en una aventura in\u00e9dita, y redescubramos al poeta que todos llevamos dentro!\u201d Creado originalmente para el festival Le Printemps des Po\u00e8tes de Par\u00eds, en 2014, por el director del evento, la obra ha experimentado varias adaptaciones por parte de su protagonista, Elisabeth Megally, con el fin de presentarse en todo tipo de espacios, desde salas de teatro hasta librer\u00edas, escuelas y plazas p\u00fablicas, demostrando que la poes\u00eda es universal e incre\u00edblemente actual.<br \/>Pese a sus numerosas representaciones en Europa, los espect\u00e1culos presentes en esta gira art\u00edstica por la capital mexicana han sido reinventados especialmente para el p\u00fablico local.<br \/>Siguiendo un formato de mini-festival, las obras se presentar\u00e1n en conjunto, una de tras de otra, las 2 fechas de representaci\u00f3n en el Teatro El Milagro.<\/p>\n[\/mk_fancy_title][\/vc_column][vc_column width=&#8221;1\/3&#8243;][vc_widget_sidebar sidebar_id=&#8221;sidebar-2&#8243;][\/vc_column][\/mk_page_section][vc_row][vc_column][vc_column_text]\n\n\n[\/vc_column_text][\/vc_column][\/vc_row]","protected":false},"excerpt":{"rendered":"<p>[vc_row][vc_column][vc_column_text] [\/vc_column_text][\/vc_column][\/vc_row]<\/p>\n","protected":false},"author":4,"featured_media":4269,"comment_status":"open","ping_status":"open","sticky":false,"template":"","format":"standard","meta":[],"categories":[2,5],"tags":[],"_links":{"self":[{"href":"https:\/\/elmilagro.org.mx\/st\/wp-json\/wp\/v2\/posts\/4271"}],"collection":[{"href":"https:\/\/elmilagro.org.mx\/st\/wp-json\/wp\/v2\/posts"}],"about":[{"href":"https:\/\/elmilagro.org.mx\/st\/wp-json\/wp\/v2\/types\/post"}],"author":[{"embeddable":true,"href":"https:\/\/elmilagro.org.mx\/st\/wp-json\/wp\/v2\/users\/4"}],"replies":[{"embeddable":true,"href":"https:\/\/elmilagro.org.mx\/st\/wp-json\/wp\/v2\/comments?post=4271"}],"version-history":[{"count":3,"href":"https:\/\/elmilagro.org.mx\/st\/wp-json\/wp\/v2\/posts\/4271\/revisions"}],"predecessor-version":[{"id":4281,"href":"https:\/\/elmilagro.org.mx\/st\/wp-json\/wp\/v2\/posts\/4271\/revisions\/4281"}],"wp:featuredmedia":[{"embeddable":true,"href":"https:\/\/elmilagro.org.mx\/st\/wp-json\/wp\/v2\/media\/4269"}],"wp:attachment":[{"href":"https:\/\/elmilagro.org.mx\/st\/wp-json\/wp\/v2\/media?parent=4271"}],"wp:term":[{"taxonomy":"category","embeddable":true,"href":"https:\/\/elmilagro.org.mx\/st\/wp-json\/wp\/v2\/categories?post=4271"},{"taxonomy":"post_tag","embeddable":true,"href":"https:\/\/elmilagro.org.mx\/st\/wp-json\/wp\/v2\/tags?post=4271"}],"curies":[{"name":"wp","href":"https:\/\/api.w.org\/{rel}","templated":true}]}}