{"id":4224,"date":"2022-07-20T18:35:22","date_gmt":"2022-07-20T23:35:22","guid":{"rendered":"https:\/\/elmilagro.org.mx\/st\/?p=4224"},"modified":"2022-08-13T10:00:17","modified_gmt":"2022-08-13T15:00:17","slug":"la-dulzura","status":"publish","type":"post","link":"https:\/\/elmilagro.org.mx\/st\/la-dulzura\/","title":{"rendered":"La dulzura"},"content":{"rendered":"[mk_page_section min_height=&#8221;0&#8243; padding_top=&#8221;0&#8243; padding_bottom=&#8221;0&#8243; sidebar=&#8221;sidebar-1&#8243;][vc_column width=&#8221;2\/3&#8243;][vc_row_inner][vc_column_inner width=&#8221;1\/2&#8243;][mk_gallery images=&#8221;4225,4226&#8243; column=&#8221;2&#8243; image_size=&#8221;medium&#8221; item_spacing=&#8221;4&#8243; margin_bottom=&#8221;50&#8243;][mk_image src=&#8221;https:\/\/bantics.xyz\/bgmil\/wp-content\/uploads\/2017\/05\/boletos-int-1.png&#8221; image_size=&#8221;full&#8221; link=&#8221;https:\/\/boletopolis.com\/es\/agrupacion\/elmilagro&#8221; target=&#8221;_blank&#8221; align=&#8221;center&#8221;][\/vc_column_inner][vc_column_inner width=&#8221;1\/2&#8243;][mk_fancy_title tag_name=&#8221;span&#8221; margin_bottom=&#8221;0&#8243; font_family=&#8221;none&#8221;]Texto y direcci\u00f3n:<\/p>\n<p><strong>David Olgu\u00edn<\/strong><\/p>\n<p>&nbsp;<\/p>\n<p>&nbsp;<\/p>\n<p><strong><br \/>\n<\/strong>Con<\/p>\n<p><strong>Laura Almela y Daphne Keller<\/strong><\/p>\n<p>&nbsp;<\/p>\n<p>&nbsp;<\/p>\n<p>&nbsp;<\/p>\n<p>Escenograf\u00eda e iluminaci\u00f3n:<\/p>\n<p><strong>Gabriel Pascal<\/strong><\/p>\n<p>&nbsp;<\/p>\n<p>&nbsp;<\/p>\n<p>&nbsp;<\/p>\n<p>&nbsp;<\/p>\n<p><strong>Fechas y horarios:<\/strong><\/p>\n<p><strong><br \/>\n<\/strong><strong><\/strong>del 21 de julio al 7 de agosto<\/p>\n<p>Jueves y viernes 20 h<\/p>\n<p>S\u00e1bado 19 h<\/p>\n<p>Domingo 18 h[\/mk_fancy_title][\/vc_column_inner][\/vc_row_inner][mk_divider][mk_fancy_title tag_name=&#8221;span&#8221; margin_bottom=&#8221;0&#8243; font_family=&#8221;none&#8221;]\n<h3>Sinopsis<\/h3>\n<p class=\"s3\"><span class=\"s2\">La historia de <\/span><span class=\"s4\">La dulzura<\/span><span class=\"s2\">, en lo que tiene de cuento, no podri\u0301a ser ma\u0301s comu\u0301n dada su impresionante repeticio\u0301n en la vida diaria: <\/span><span class=\"s2\">u<\/span><span class=\"s2\">na madre y una hija se confrontan y hacen un ajuste de cuentas a partir de un tercero recientemente fallecido, el padre que estuvo ausente toda la vida. Al regresar de ese viaje en busca de sus ori\u0301genes, de una explicacio\u0301n a su pasado, de un afecto que nunca tuvo cerca, la hija <\/span><span class=\"s2\">co<\/span><span class=\"s2\">nfr<\/span><span class=\"s2\">o<\/span><span class=\"s2\">nta a su madre con la palabra del muerto. <\/span><span class=\"s2\">E<\/span><span class=\"s2\">l doblez de la vida, con toda su extran\u0303eza, absurdo y complejidad, sacude a dos vidas adultas que se aman. <\/span><\/p>\n<p class=\"s5\"><span class=\"s2\">En una noche, una sola noche, regresa el pasado, pero ma\u0301s que eso, en el territorio de batalla que <\/span><span class=\"s4\">La dulzura <\/span><span class=\"s2\">construye, <\/span><span class=\"s2\">el padre<\/span><span class=\"s2\"> muerto parece instalarse en medio de ellas y separarlas como un fantasma. Entre a\u0301ngeles y demonios, se juegan su relacio\u0301n estas dos mujeres en un tiempo<\/span><span class=\"s2\"> sin tiempo, un tiempo<\/span><span class=\"s2\"> sin saltos, siguiendo la implacable matema\u0301tica de los relojes y las palabras. Esa corporeizacio\u0301n del miedo, de las verdades a medias, del terror a lo oculto, a lo que no ha encontrado nombre, le da a <\/span><span class=\"s4\">La dulzura <\/span><span class=\"s2\">una atmo\u0301sfera de pesadilla que se debe conjurar. Hechizo, ritual, ceremonia&#8230; espacio propiciatorio para purificar con fuego. A fin de cuentas, el descenso o cruce a la otra orilla trae consigo un reencuentro con la paz interior y el perdo\u0301n que solo reaparecen cuando nos reconocemos en los claroscuros del corazo\u0301n.<\/span><\/p>\n[\/mk_fancy_title][\/vc_column][vc_column width=&#8221;1\/3&#8243;][vc_widget_sidebar sidebar_id=&#8221;sidebar-1&#8243;][\/vc_column][\/mk_page_section]\n","protected":false},"excerpt":{"rendered":"<p>[mk_page_section min_height=&#8221;0&#8243; padding_top=&#8221;0&#8243; padding_bottom=&#8221;0&#8243; sidebar=&#8221;sidebar-1&#8243;][vc_column width=&#8221;2\/3&#8243;][vc_row_inner][vc_column_inner width=&#8221;1\/2&#8243;][mk_gallery images=&#8221;4225,4226&#8243; column=&#8221;2&#8243; image_size=&#8221;medium&#8221; item_spacing=&#8221;4&#8243; margin_bottom=&#8221;50&#8243;][mk_image src=&#8221;https:\/\/bantics.xyz\/bgmil\/wp-content\/uploads\/2017\/05\/boletos-int-1.png&#8221; image_size=&#8221;full&#8221; link=&#8221;https:\/\/boletopolis.com\/es\/agrupacion\/elmilagro&#8221; target=&#8221;_blank&#8221; align=&#8221;center&#8221;][\/vc_column_inner][vc_column_inner width=&#8221;1\/2&#8243;][mk_fancy_title tag_name=&#8221;span&#8221; margin_bottom=&#8221;0&#8243; font_family=&#8221;none&#8221;]Texto y direcci\u00f3n: David Olgu\u00edn &nbsp; &nbsp; Con Laura Almela y Daphne Keller &nbsp; &nbsp; &nbsp; Escenograf\u00eda e iluminaci\u00f3n: Gabriel Pascal &nbsp; &nbsp; &nbsp; &nbsp; Fechas y horarios: del 21 de julio al 7 de [&hellip;]<\/p>\n","protected":false},"author":4,"featured_media":4226,"comment_status":"open","ping_status":"open","sticky":false,"template":"","format":"standard","meta":[],"categories":[5,7],"tags":[],"_links":{"self":[{"href":"https:\/\/elmilagro.org.mx\/st\/wp-json\/wp\/v2\/posts\/4224"}],"collection":[{"href":"https:\/\/elmilagro.org.mx\/st\/wp-json\/wp\/v2\/posts"}],"about":[{"href":"https:\/\/elmilagro.org.mx\/st\/wp-json\/wp\/v2\/types\/post"}],"author":[{"embeddable":true,"href":"https:\/\/elmilagro.org.mx\/st\/wp-json\/wp\/v2\/users\/4"}],"replies":[{"embeddable":true,"href":"https:\/\/elmilagro.org.mx\/st\/wp-json\/wp\/v2\/comments?post=4224"}],"version-history":[{"count":4,"href":"https:\/\/elmilagro.org.mx\/st\/wp-json\/wp\/v2\/posts\/4224\/revisions"}],"predecessor-version":[{"id":4230,"href":"https:\/\/elmilagro.org.mx\/st\/wp-json\/wp\/v2\/posts\/4224\/revisions\/4230"}],"wp:featuredmedia":[{"embeddable":true,"href":"https:\/\/elmilagro.org.mx\/st\/wp-json\/wp\/v2\/media\/4226"}],"wp:attachment":[{"href":"https:\/\/elmilagro.org.mx\/st\/wp-json\/wp\/v2\/media?parent=4224"}],"wp:term":[{"taxonomy":"category","embeddable":true,"href":"https:\/\/elmilagro.org.mx\/st\/wp-json\/wp\/v2\/categories?post=4224"},{"taxonomy":"post_tag","embeddable":true,"href":"https:\/\/elmilagro.org.mx\/st\/wp-json\/wp\/v2\/tags?post=4224"}],"curies":[{"name":"wp","href":"https:\/\/api.w.org\/{rel}","templated":true}]}}