{"id":4184,"date":"2022-03-07T09:49:05","date_gmt":"2022-03-07T15:49:05","guid":{"rendered":"https:\/\/elmilagro.org.mx\/st\/?p=4184"},"modified":"2022-07-06T19:57:49","modified_gmt":"2022-07-07T00:57:49","slug":"al-cuerno-por-los-toros","status":"publish","type":"post","link":"https:\/\/elmilagro.org.mx\/st\/al-cuerno-por-los-toros\/","title":{"rendered":"Al cuerno por los toros"},"content":{"rendered":"[vc_row][vc_column][vc_column_text]\n\n[\/vc_column_text][\/vc_column][\/vc_row][mk_page_section min_height=&#8221;0&#8243; padding_top=&#8221;0&#8243; padding_bottom=&#8221;0&#8243; sidebar=&#8221;sidebar-1&#8243;][vc_column width=&#8221;2\/3&#8243;][vc_row_inner][vc_column_inner width=&#8221;1\/2&#8243;][mk_gallery images=&#8221;4189,4190,4191,4192,4193,4194&#8243; column=&#8221;2&#8243; image_size=&#8221;medium&#8221; item_spacing=&#8221;4&#8243; margin_bottom=&#8221;50&#8243;][\/vc_column_inner][vc_column_inner width=&#8221;1\/2&#8243;][mk_fancy_title tag_name=&#8221;span&#8221; margin_bottom=&#8221;0&#8243; font_family=&#8221;none&#8221;]\n<div dir=\"ltr\">\n<div class=\"gmail_quote\">\n<div dir=\"auto\">\n<div dir=\"ltr\">\n<div class=\"gmail_quote\">\n<p>Dramaturgia y direcci\u00f3n de\u00a0<strong>Mariana Batista<\/strong><\/p>\n<p>&nbsp;<\/p>\n<p>&nbsp;<\/p>\n<p>&nbsp;<\/p>\n<p>Con\u00a0<strong>Tamara Ni\u00f1o de Rivera, Pamela Ruz, Ditmara N\u00e1der, El\u00edas Toscano, Pablo G\u00e1lvez, Diego Martinez Villa<\/strong><\/p>\n<p>&nbsp;<\/p>\n<p>&nbsp;<\/p>\n<p>&nbsp;<\/p>\n<p><strong>Del 20 demayo al 5 de junio<\/strong><strong style=\"font-weight: bold;\"><br \/><\/strong>Viernes 20 h<br \/>S\u00e1bado 19 h<br \/>Domingo 18 h<\/p>\n<p>&nbsp;<\/p>\n<p>&nbsp;<\/p>\n<\/div>\n<\/div>\n<\/div>\n<\/div>\n<div class=\"gmail_quote\">\n<div dir=\"auto\">\n<div dir=\"ltr\">\n<div class=\"gmail_quote\">\n<hr \/>\n<p><strong>Boletos disponibles en<a href=\"https:\/\/elmilagro.boletopolis.com\/\"> elmilagro.boletopolis.com<\/a><\/strong><\/p>\n<\/div>\n<\/div>\n<\/div>\n<\/div>\n<\/div>\n[\/mk_fancy_title][\/vc_column_inner][\/vc_row_inner][mk_divider][mk_fancy_title tag_name=&#8221;span&#8221; margin_bottom=&#8221;0&#8243; font_family=&#8221;none&#8221;]\n<h3>SINOPSIS<\/h3>\n<p>Los personajes de esta historia est\u00e1n basados en la personalidad de artistas pict\u00f3ricos y literarios de la cultura universal (como Salvador Dal\u00ed, Vincent Van Gogh, Remedios varo, entre otros) Estos personajes son reunidos en un mismo tiempo y espacio como amigos entra\u00f1ables para festejar un cumplea\u00f1os despu\u00e9s de a\u00f1os de no verse. Durante la velada ir\u00e1n desempolvando sus obras de arte olvidadas, las cuales develar\u00e1n los conflictos que surgieron entre ellos y los problemas existenciales que cada uno carga. Una historia sobre amistad, fantasmas, soledad, amor, magia y arte.<\/p>\n<p>&nbsp;<\/p>\n[\/mk_fancy_title][\/vc_column][vc_column width=&#8221;1\/3&#8243;][vc_widget_sidebar sidebar_id=&#8221;sidebar-2&#8243;][\/vc_column][\/mk_page_section][vc_row][vc_column][vc_column_text]\n\n\n[\/vc_column_text][\/vc_column][\/vc_row]","protected":false},"excerpt":{"rendered":"<p>[vc_row][vc_column][vc_column_text] [\/vc_column_text][\/vc_column][\/vc_row]<\/p>\n","protected":false},"author":4,"featured_media":4185,"comment_status":"open","ping_status":"open","sticky":false,"template":"","format":"standard","meta":[],"categories":[2,5],"tags":[],"_links":{"self":[{"href":"https:\/\/elmilagro.org.mx\/st\/wp-json\/wp\/v2\/posts\/4184"}],"collection":[{"href":"https:\/\/elmilagro.org.mx\/st\/wp-json\/wp\/v2\/posts"}],"about":[{"href":"https:\/\/elmilagro.org.mx\/st\/wp-json\/wp\/v2\/types\/post"}],"author":[{"embeddable":true,"href":"https:\/\/elmilagro.org.mx\/st\/wp-json\/wp\/v2\/users\/4"}],"replies":[{"embeddable":true,"href":"https:\/\/elmilagro.org.mx\/st\/wp-json\/wp\/v2\/comments?post=4184"}],"version-history":[{"count":3,"href":"https:\/\/elmilagro.org.mx\/st\/wp-json\/wp\/v2\/posts\/4184\/revisions"}],"predecessor-version":[{"id":4196,"href":"https:\/\/elmilagro.org.mx\/st\/wp-json\/wp\/v2\/posts\/4184\/revisions\/4196"}],"wp:featuredmedia":[{"embeddable":true,"href":"https:\/\/elmilagro.org.mx\/st\/wp-json\/wp\/v2\/media\/4185"}],"wp:attachment":[{"href":"https:\/\/elmilagro.org.mx\/st\/wp-json\/wp\/v2\/media?parent=4184"}],"wp:term":[{"taxonomy":"category","embeddable":true,"href":"https:\/\/elmilagro.org.mx\/st\/wp-json\/wp\/v2\/categories?post=4184"},{"taxonomy":"post_tag","embeddable":true,"href":"https:\/\/elmilagro.org.mx\/st\/wp-json\/wp\/v2\/tags?post=4184"}],"curies":[{"name":"wp","href":"https:\/\/api.w.org\/{rel}","templated":true}]}}