{"id":4097,"date":"2022-02-20T23:34:56","date_gmt":"2022-02-21T05:34:56","guid":{"rendered":"https:\/\/elmilagro.org.mx\/st\/?p=4097"},"modified":"2022-03-30T15:51:45","modified_gmt":"2022-03-30T21:51:45","slug":"aprender-y-olvidar","status":"publish","type":"post","link":"https:\/\/elmilagro.org.mx\/st\/aprender-y-olvidar\/","title":{"rendered":"Aprender y olvidar"},"content":{"rendered":"[vc_row][vc_column][vc_column_text]\n\n[\/vc_column_text][\/vc_column][\/vc_row][mk_page_section min_height=&#8221;0&#8243; padding_top=&#8221;0&#8243; padding_bottom=&#8221;0&#8243; sidebar=&#8221;sidebar-1&#8243;][vc_column width=&#8221;2\/3&#8243;][vc_row_inner][vc_column_inner width=&#8221;1\/2&#8243;][mk_gallery images=&#8221;4136,4137,4138,4139,4140,4141,4142&#8243; column=&#8221;2&#8243; image_size=&#8221;medium&#8221; item_spacing=&#8221;4&#8243; margin_bottom=&#8221;50&#8243;][\/vc_column_inner][vc_column_inner width=&#8221;1\/2&#8243;][mk_fancy_title tag_name=&#8221;span&#8221; margin_bottom=&#8221;0&#8243; font_family=&#8221;none&#8221;]\n<div dir=\"ltr\">\n<div class=\"gmail_quote\">\n<div dir=\"auto\">\n<div dir=\"ltr\">\n<div class=\"gmail_quote\">\n<p>De Amaranta Leyva<\/p>\n<p>&nbsp;<\/p>\n<p>&nbsp;<\/p>\n<p>&nbsp;<\/p>\n<p><strong>Producci\u00f3n&nbsp;<\/strong><\/p>\n<p>Marionetas de la Esquina<\/p>\n<p>&nbsp;<\/p>\n<p>&nbsp;<\/p>\n<p>&nbsp;<\/p>\n<p>Del 5 al 27 de marzo<br \/>S\u00e1bado y domingo 13 h<\/p>\n<\/div>\n<\/div>\n<\/div>\n<p>&nbsp;<\/p>\n<div dir=\"auto\">\n<div dir=\"ltr\">\n<div class=\"gmail_quote\">\n<hr>\n<p>Boletos disponibles en<a href=\"https:\/\/elmilagro.boletopolis.com\/\"><b> elmilagro.boletopolis.com<\/b><\/a><\/p>\n<\/div>\n<\/div>\n<\/div>\n<\/div>\n<\/div>\n[\/mk_fancy_title][\/vc_column_inner][\/vc_row_inner][mk_divider][mk_fancy_title tag_name=&#8221;span&#8221; margin_bottom=&#8221;0&#8243; font_family=&#8221;none&#8221;]\n<p>SINOPSIS.<br \/>Lucio Esp\u00edndola, fundador de la compa\u00f1\u00eda Marionetas de la esquina regresa a los escenarios, en una obra donde sus propias creaciones, los t\u00edteres, lo guiar\u00e1n en una aventura que desemboca en un mar escondido entre la memoria y el ya no me acuerdo.<\/p>\n<div data-hook=\"rcv-block10\">La obra situada en el \u00faltimo d\u00eda que pasar\u00e1n juntos dos nietos con su desmemoriado abuelo, antes de que selo lleven a un asilo; representa una gran lecci\u00f3n de respeto y tolerancia.<\/div>\n[\/mk_fancy_title][\/vc_column][vc_column width=&#8221;1\/3&#8243;][vc_widget_sidebar sidebar_id=&#8221;sidebar-2&#8243;][\/vc_column][\/mk_page_section][vc_row][vc_column][vc_column_text]\n\n\n[\/vc_column_text][\/vc_column][\/vc_row]","protected":false},"excerpt":{"rendered":"<p>[vc_row][vc_column][vc_column_text] [\/vc_column_text][\/vc_column][\/vc_row]<\/p>\n","protected":false},"author":4,"featured_media":4058,"comment_status":"open","ping_status":"open","sticky":false,"template":"","format":"standard","meta":[],"categories":[2,5],"tags":[],"_links":{"self":[{"href":"https:\/\/elmilagro.org.mx\/st\/wp-json\/wp\/v2\/posts\/4097"}],"collection":[{"href":"https:\/\/elmilagro.org.mx\/st\/wp-json\/wp\/v2\/posts"}],"about":[{"href":"https:\/\/elmilagro.org.mx\/st\/wp-json\/wp\/v2\/types\/post"}],"author":[{"embeddable":true,"href":"https:\/\/elmilagro.org.mx\/st\/wp-json\/wp\/v2\/users\/4"}],"replies":[{"embeddable":true,"href":"https:\/\/elmilagro.org.mx\/st\/wp-json\/wp\/v2\/comments?post=4097"}],"version-history":[{"count":6,"href":"https:\/\/elmilagro.org.mx\/st\/wp-json\/wp\/v2\/posts\/4097\/revisions"}],"predecessor-version":[{"id":4145,"href":"https:\/\/elmilagro.org.mx\/st\/wp-json\/wp\/v2\/posts\/4097\/revisions\/4145"}],"wp:featuredmedia":[{"embeddable":true,"href":"https:\/\/elmilagro.org.mx\/st\/wp-json\/wp\/v2\/media\/4058"}],"wp:attachment":[{"href":"https:\/\/elmilagro.org.mx\/st\/wp-json\/wp\/v2\/media?parent=4097"}],"wp:term":[{"taxonomy":"category","embeddable":true,"href":"https:\/\/elmilagro.org.mx\/st\/wp-json\/wp\/v2\/categories?post=4097"},{"taxonomy":"post_tag","embeddable":true,"href":"https:\/\/elmilagro.org.mx\/st\/wp-json\/wp\/v2\/tags?post=4097"}],"curies":[{"name":"wp","href":"https:\/\/api.w.org\/{rel}","templated":true}]}}