{"id":4061,"date":"2022-02-10T10:43:54","date_gmt":"2022-02-10T16:43:54","guid":{"rendered":"https:\/\/elmilagro.org.mx\/st\/?p=4061"},"modified":"2022-03-01T16:01:50","modified_gmt":"2022-03-01T22:01:50","slug":"concerniente-al-albedrio","status":"publish","type":"post","link":"https:\/\/elmilagro.org.mx\/st\/concerniente-al-albedrio\/","title":{"rendered":"Concerniente al albedr\u00edo"},"content":{"rendered":"[vc_row][vc_column][vc_column_text]\n\n[\/vc_column_text][\/vc_column][\/vc_row][mk_page_section min_height=&#8221;0&#8243; padding_top=&#8221;0&#8243; padding_bottom=&#8221;0&#8243; sidebar=&#8221;sidebar-1&#8243;][vc_column width=&#8221;2\/3&#8243;][vc_row_inner][vc_column_inner width=&#8221;1\/2&#8243;][mk_gallery images=&#8221;4063,4064,4065,4066,4067,4068,4069&#8243; column=&#8221;2&#8243; image_size=&#8221;medium&#8221; item_spacing=&#8221;4&#8243; margin_bottom=&#8221;50&#8243;][\/vc_column_inner][vc_column_inner width=&#8221;1\/2&#8243;][mk_fancy_title tag_name=&#8221;span&#8221; margin_bottom=&#8221;0&#8243; font_family=&#8221;none&#8221;]\n<div dir=\"ltr\">\n<div class=\"gmail_quote\">\n<div dir=\"auto\">\n<div dir=\"ltr\">\n<div class=\"gmail_quote\">\n<p>de&nbsp;Daniela Palao, Mara Ximena Espinosa de los Monteros e Ignacio Ferreyra<\/p>\n<p>&nbsp;<\/p>\n<p>&nbsp;<\/p>\n<p>&nbsp;<\/p>\n<p><strong>Direcci\u00f3n:<\/strong><\/p>\n<p>Ignacio Ferreyra<\/p>\n<p>&nbsp;<\/p>\n<p>&nbsp;<\/p>\n<p>&nbsp;<\/p>\n<p><strong>Elenco<\/strong><\/p>\n<p>Daniela Palao y Mara Ximena Espinosa de los Monteros<\/p>\n<\/div>\n<\/div>\n<\/div>\n<\/div>\n<div class=\"gmail_quote\">\n<div dir=\"auto\">\n<div dir=\"ltr\">\n<div class=\"gmail_quote\">\n<p>&nbsp;<\/p>\n<p>Del 17 al 27 de febrero<br \/>Jueves y viernes 20 h<br \/>S\u00e1bado 19 h<br \/>Domingo 18 h<\/p>\n<\/div>\n<\/div>\n<p>&nbsp;<\/p>\n<\/div>\n<\/div>\n<div class=\"gmail_quote\">\n<div dir=\"auto\">\n<div dir=\"ltr\">\n<div class=\"gmail_quote\">\n<hr>\n<p>Boletos disponibles en<a href=\"https:\/\/elmilagro.boletopolis.com\/\"><b> elmilagro.boletopolis.com<\/b><\/a><\/p>\n<\/div>\n<\/div>\n<\/div>\n<\/div>\n<\/div>\n[\/mk_fancy_title][\/vc_column_inner][\/vc_row_inner][mk_divider][mk_fancy_title tag_name=&#8221;span&#8221; margin_bottom=&#8221;0&#8243; font_family=&#8221;none&#8221;]\n<h3>SINOPSIS<\/h3>\n<p>Con un feminicidio innombrable como fondo, dos mujeres se confrontan entre ellas y a s\u00ed mismas, recorren un laberinto formado por recuerdos, sue\u00f1os, vac\u00edos y conflictos, desde la vulnerabilidad y la franqueza de su propia desnudez, reapropi\u00e1ndose de un cuerpo que ha sido violentado y sometido cultural, pol\u00edtica y socialmente.<br \/>Desde este posicionamiento, y siempre acosadas por un miedo indescifrable, reflexionan sobre el significado de ser mujer hoy.<\/p>\n<p>&nbsp;<\/p>\n[\/mk_fancy_title][\/vc_column][vc_column width=&#8221;1\/3&#8243;][vc_widget_sidebar sidebar_id=&#8221;sidebar-2&#8243;][\/vc_column][\/mk_page_section][vc_row][vc_column][vc_column_text]\n\n\n[\/vc_column_text][\/vc_column][\/vc_row]","protected":false},"excerpt":{"rendered":"<p>[vc_row][vc_column][vc_column_text] [\/vc_column_text][\/vc_column][\/vc_row]<\/p>\n","protected":false},"author":4,"featured_media":4054,"comment_status":"open","ping_status":"open","sticky":false,"template":"","format":"standard","meta":[],"categories":[2,5],"tags":[],"_links":{"self":[{"href":"https:\/\/elmilagro.org.mx\/st\/wp-json\/wp\/v2\/posts\/4061"}],"collection":[{"href":"https:\/\/elmilagro.org.mx\/st\/wp-json\/wp\/v2\/posts"}],"about":[{"href":"https:\/\/elmilagro.org.mx\/st\/wp-json\/wp\/v2\/types\/post"}],"author":[{"embeddable":true,"href":"https:\/\/elmilagro.org.mx\/st\/wp-json\/wp\/v2\/users\/4"}],"replies":[{"embeddable":true,"href":"https:\/\/elmilagro.org.mx\/st\/wp-json\/wp\/v2\/comments?post=4061"}],"version-history":[{"count":3,"href":"https:\/\/elmilagro.org.mx\/st\/wp-json\/wp\/v2\/posts\/4061\/revisions"}],"predecessor-version":[{"id":4073,"href":"https:\/\/elmilagro.org.mx\/st\/wp-json\/wp\/v2\/posts\/4061\/revisions\/4073"}],"wp:featuredmedia":[{"embeddable":true,"href":"https:\/\/elmilagro.org.mx\/st\/wp-json\/wp\/v2\/media\/4054"}],"wp:attachment":[{"href":"https:\/\/elmilagro.org.mx\/st\/wp-json\/wp\/v2\/media?parent=4061"}],"wp:term":[{"taxonomy":"category","embeddable":true,"href":"https:\/\/elmilagro.org.mx\/st\/wp-json\/wp\/v2\/categories?post=4061"},{"taxonomy":"post_tag","embeddable":true,"href":"https:\/\/elmilagro.org.mx\/st\/wp-json\/wp\/v2\/tags?post=4061"}],"curies":[{"name":"wp","href":"https:\/\/api.w.org\/{rel}","templated":true}]}}