{"id":3225,"date":"2021-01-02T20:18:55","date_gmt":"2021-01-03T02:18:55","guid":{"rendered":"https:\/\/elmilagro.org.mx\/st\/?p=3225"},"modified":"2021-01-22T15:18:58","modified_gmt":"2021-01-22T21:18:58","slug":"ciclo-de-teatro-emergente-2020-2021-enero","status":"publish","type":"post","link":"https:\/\/elmilagro.org.mx\/st\/ciclo-de-teatro-emergente-2020-2021-enero\/","title":{"rendered":"Ciclo de Teatro Emergente 2020\/2021"},"content":{"rendered":"[mk_page_section min_height=&#8221;0&#8243; padding_top=&#8221;0&#8243; padding_bottom=&#8221;0&#8243; sidebar=&#8221;sidebar-1&#8243;][vc_column width=&#8221;2\/3&#8243;][mk_gallery images=&#8221;3228,3233,3230,3250&#8243; column=&#8221;2&#8243; image_size=&#8221;medium&#8221; item_spacing=&#8221;4&#8243; margin_bottom=&#8221;50&#8243;][mk_fancy_title tag_name=&#8221;span&#8221; margin_bottom=&#8221;0&#8243; font_family=&#8221;none&#8221;]\n<div dir=\"ltr\">\n<div class=\"gmail_quote\">\n<div dir=\"auto\">\n<div dir=\"ltr\">\n<div class=\"gmail_quote\">\n<p>Teatro El Milagro presenta<\/p>\n<h3><strong>Ciclo de Teatro Emergente 2020\/2021<\/strong><\/h3>\n<p>&nbsp;<\/p>\n<p>&nbsp;<\/p>\n<p><strong>Musth<\/strong><\/p>\n<p>Dramaturgia y direcci\u00f3n: CroMagnon<span class=\"Apple-converted-space\">\u00a0<\/span><\/p>\n<p>20 y 21 de enero<\/p>\n<p>Mi\u00e9rcoles y jueves 20:30 h<\/p>\n<p>&nbsp;<\/p>\n<p>&nbsp;<\/p>\n<p><strong>Ya viste el agua que est\u00e1 llorando ai<span class=\"Apple-converted-space\">\u00a0<\/span><\/strong><\/p>\n<p>Direcci\u00f3n: Colectivo Lo que viene del sol y Vaca 35 Teatro en Grupo<\/p>\n<p>Dramaturgia: Anitza Palafox y Diana Ren\u00e9e Gerardo<\/p>\n<p>22 y 23 de enero<span class=\"Apple-converted-space\">\u00a0<\/span><\/p>\n<p>Viernes 20:30 h<\/p>\n<p>S\u00e1bado 19 h<\/p>\n<p>&nbsp;<\/p>\n<p>&nbsp;<\/p>\n<p><strong>Un d\u00eda nos dimos cuenta que pod\u00edamos perder el nombre<\/strong><\/p>\n<p>de\u00a0Bawixtabay Torres y Ra\u00fal Diaz Almeida<span class=\"Apple-converted-space\">\u00a0<\/span><\/p>\n<p>Direcci\u00f3n: Efra\u00edn P\u00e9rez \u00c1lvarez<\/p>\n<p>Colectivo Casa Cuatro<\/p>\n<p>24 y 25 de enero<\/p>\n<p>Lunes 20:30 h<\/p>\n<p>Domingo 18 h<\/p>\n<p>&nbsp;<\/p>\n<p>&nbsp;<\/p>\n<p>&nbsp;<\/p>\n<h3>Ciclo de Lecturas dramatizadas a trav\u00e9s de Zoom<span class=\"Apple-converted-space\">\u00a0<\/span><\/h3>\n<p>#EntradaLibre<\/p>\n<p>&nbsp;<\/p>\n<p><strong>Memoria en el asfalto<\/strong><span class=\"Apple-converted-space\">\u00a0<\/span><\/p>\n<p>Texto y direcci\u00f3n de Aldo Mart\u00ednez Sandoval<span class=\"Apple-converted-space\">\u00a0<\/span><\/p>\n<p>15 de enero<\/p>\n<p>Viernes 20 h<\/p>\n<p>&nbsp;<\/p>\n<p>&nbsp;<\/p>\n<p><strong>Personas haciendo cosas<\/strong><\/p>\n<p>Texto y direcci\u00f3n de Misael Garrido<\/p>\n<p>16 de enero<\/p>\n<p>S\u00e1bado 20 h<\/p>\n<p>&nbsp;<\/p>\n<p>&nbsp;<\/p>\n<p><strong>Distancia<\/strong><\/p>\n<p>Texto de David Anuar<span class=\"Apple-converted-space\">\u00a0<\/span><\/p>\n<p>Direcci\u00f3n: Paola Koot<\/p>\n<p>22 de enero<\/p>\n<p>Viernes 20 h<\/p>\n<p>&nbsp;<\/p>\n<p>&nbsp;<\/p>\n<p><strong>N\u00e1utica<\/strong><\/p>\n<p>Texto y direcci\u00f3n de Fernanda Bada<\/p>\n<p>23 de enero<\/p>\n<p>S\u00e1bado 20 h<\/p>\n<p>&nbsp;<\/p>\n<p>&nbsp;<\/p>\n<h3>Ciclo de Talleres a trav\u00e9s de Zoom<\/h3>\n<p>#Entrada Libre<\/p>\n<p><strong>En el principio, fue la luz<\/strong><\/p>\n<p>M\u00f3dulos I y II<\/p>\n<p>Curso virtual de Iluminaci\u00f3n<span class=\"Apple-converted-space\">\u00a0<\/span><\/p>\n<p>Imparte Gabriel Pascal<\/p>\n<p>Cupo limitado<\/p>\n<p>Informes e inscripciones en <a href=\"https:\/\/elmilagro.org.mx\/st\">www.elmilagro.org.mx<\/a><span class=\"Apple-converted-space\">\u00a0<\/span><\/p>\n<p>&nbsp;<\/p>\n<p>&nbsp;<\/p>\n<\/div>\n<\/div>\n<\/div>\n<\/div>\n<\/div>\n[\/mk_fancy_title][vc_row_inner][vc_column_inner width=&#8221;1\/2&#8243;][\/vc_column_inner][vc_column_inner width=&#8221;1\/2&#8243;][\/vc_column_inner][\/vc_row_inner][mk_divider][mk_fancy_title tag_name=&#8221;span&#8221; margin_bottom=&#8221;0&#8243; font_family=&#8221;none&#8221;]Con el prop\u00f3sito de dar voz y foro a las propuestas de los nuevos autores y directores de la escena mexicana, El Milagro se complace en anunciar el estreno o reestreno de tres espect\u00e1culos de directores j\u00f3venes y la realizaci\u00f3n de una lecturas dramatizada para presentar en escena nuevos textos puestos en espacio bajo la direcci\u00f3n de un grupo de j\u00f3venes directores de escena. Hemos decido llamar a este esfuerzo Teatro Emergente, una manera de contribuir a la renovaci\u00f3n de cuadros en nuestro teatro, una manera de confirmar, mediante nuevos montajes, la importancia que vienen cobrando las nov\u00edsimas generaciones de dramaturgos y directores de escena.<span class=\"Apple-converted-space\">\u00a0<\/span>[\/mk_fancy_title][\/vc_column][vc_column width=&#8221;1\/3&#8243;][vc_widget_sidebar sidebar_id=&#8221;sidebar-2&#8243;][\/vc_column][\/mk_page_section]\n","protected":false},"excerpt":{"rendered":"<p>[mk_page_section min_height=&#8221;0&#8243; padding_top=&#8221;0&#8243; padding_bottom=&#8221;0&#8243; sidebar=&#8221;sidebar-1&#8243;][vc_column width=&#8221;2\/3&#8243;][mk_gallery images=&#8221;3228,3233,3230,3250&#8243; column=&#8221;2&#8243; image_size=&#8221;medium&#8221; item_spacing=&#8221;4&#8243; margin_bottom=&#8221;50&#8243;][mk_fancy_title tag_name=&#8221;span&#8221; margin_bottom=&#8221;0&#8243; font_family=&#8221;none&#8221;] Teatro El Milagro presenta Ciclo de Teatro Emergente 2020\/2021 &nbsp; &nbsp; Musth Dramaturgia y direcci\u00f3n: CroMagnon\u00a0 20 y 21 de enero Mi\u00e9rcoles y jueves 20:30 h &nbsp; &nbsp; Ya viste el agua que est\u00e1 llorando ai\u00a0 Direcci\u00f3n: Colectivo Lo que viene [&hellip;]<\/p>\n","protected":false},"author":4,"featured_media":3226,"comment_status":"open","ping_status":"open","sticky":false,"template":"","format":"standard","meta":[],"categories":[5,7,19],"tags":[],"_links":{"self":[{"href":"https:\/\/elmilagro.org.mx\/st\/wp-json\/wp\/v2\/posts\/3225"}],"collection":[{"href":"https:\/\/elmilagro.org.mx\/st\/wp-json\/wp\/v2\/posts"}],"about":[{"href":"https:\/\/elmilagro.org.mx\/st\/wp-json\/wp\/v2\/types\/post"}],"author":[{"embeddable":true,"href":"https:\/\/elmilagro.org.mx\/st\/wp-json\/wp\/v2\/users\/4"}],"replies":[{"embeddable":true,"href":"https:\/\/elmilagro.org.mx\/st\/wp-json\/wp\/v2\/comments?post=3225"}],"version-history":[{"count":5,"href":"https:\/\/elmilagro.org.mx\/st\/wp-json\/wp\/v2\/posts\/3225\/revisions"}],"predecessor-version":[{"id":3251,"href":"https:\/\/elmilagro.org.mx\/st\/wp-json\/wp\/v2\/posts\/3225\/revisions\/3251"}],"wp:featuredmedia":[{"embeddable":true,"href":"https:\/\/elmilagro.org.mx\/st\/wp-json\/wp\/v2\/media\/3226"}],"wp:attachment":[{"href":"https:\/\/elmilagro.org.mx\/st\/wp-json\/wp\/v2\/media?parent=3225"}],"wp:term":[{"taxonomy":"category","embeddable":true,"href":"https:\/\/elmilagro.org.mx\/st\/wp-json\/wp\/v2\/categories?post=3225"},{"taxonomy":"post_tag","embeddable":true,"href":"https:\/\/elmilagro.org.mx\/st\/wp-json\/wp\/v2\/tags?post=3225"}],"curies":[{"name":"wp","href":"https:\/\/api.w.org\/{rel}","templated":true}]}}