{"id":2986,"date":"2020-03-20T09:41:14","date_gmt":"2020-03-20T15:41:14","guid":{"rendered":"https:\/\/elmilagro.org.mx\/st\/?p=2986"},"modified":"2020-03-27T09:44:59","modified_gmt":"2020-03-27T15:44:59","slug":"covid19","status":"publish","type":"post","link":"https:\/\/elmilagro.org.mx\/st\/covid19\/","title":{"rendered":"COVID19"},"content":{"rendered":"<p>Al Presidente de la Rep\u00fablica Andr\u00e9s Manuel L\u00f3pez Obrador<br \/>\nA la Secretaria de Cultura Alejandra Fraustro<br \/>\nA la Jefa de Gobierno de la CDMX Claudia Sheinmbaum<br \/>\nAl Secretario de Cultura de la CDMX Alfonso Su\u00e1rez del Real<br \/>\nAl Pte. de la Comisi\u00f3n de Cultura de la C\u00e1mara de Diputados Sergio Mayer<br \/>\nA la Pta. de la Comisi\u00f3n de Cultura del Congreso de la CDMX Gabriela Osorio<br \/>\nA las alcald\u00edas de la CDMX<br \/>\nA las asociaciones civiles del sector de las artes esc\u00e9nicas<br \/>\nA la comunidad art\u00edstica y cultural de M\u00e9xico PRESENTE<br \/>\nEl cierre de nuestros teatros y el cese de actividades art\u00edstico-culturales ya entr\u00f3 en vigor y se prev\u00e9 que para el domingo 22 de marzo est\u00e9 implementado al 100%, esto tanto en espacios p\u00fablicos oficiales como en centros culturales independientes.<br \/>\nSobra decir que el sector de las artes esc\u00e9nicas, al igual que muchos otros sectores se ver\u00e1 severamente afectado econ\u00f3micamente. Sin embargo, el sector de las artes esc\u00e9nicas, en condiciones normales, distaba mucho de ser un sector econ\u00f3micamente sano y estable. Podr\u00edamos decir que \u00e9ramos una econom\u00eda emergente o en v\u00edas de desarrollo. Y no resulta exagerado afirmar que, ante la situaci\u00f3n actual, el sector est\u00e1 en riesgo de desaparecer. El cierre de espacios y el cese de actividades al que ahora nos enfrentamos, pone en riesgo la sobrevivencia de las artes esc\u00e9nicas del pa\u00eds.<br \/>\nEs momento de actuar y de tomar decisiones. No solo por parte de nosotros, la comunidad, que ya est\u00e1 trabajando y desarrollando ideas y proyectos de contingencia, sino de ustedes, las autoridades en turno. Necesitamos que nos acompa\u00f1en a tomar una serie de decisiones dr\u00e1sticas y significativas que nos permitan garantizar un futuro digno para artistas y hacedores culturales.<br \/>\nLos 15 espacios culturales independientes que hoy integramos la Red de Espacios Culturales Independientes Organizados de la CDMX hemos pactado continuar pagando los honorarios de nuestro personal de planta hasta donde nos sea econ\u00f3micamente posible, y hacer todo cuanto est\u00e1 en nuestras manos por amortizar las condiciones de las compa\u00f1\u00edas y de los artistas que se presentan con nosotros.<\/p>\n<p>Nos hemos dado a la tarea tambi\u00e9n de hacer un ejercicio para calcular a cuanto ascender\u00e1n nuestras p\u00e9rdidas, en el supuesto de que la contingencia se levante el 20 de abril. El n\u00famero total de la perdida asciende a $9,712,330 pesos. Y eso solo contando la afectaci\u00f3n directa a estos 15 espacios, que en el universo de las artes esc\u00e9nicas y de la cultura apenas representamos un muy peque\u00f1o porcentaje.<br \/>\nLas p\u00e9rdidas que tendr\u00e1 en su conjunto el sector de las artes esc\u00e9nicas son inconmensurables.<br \/>\nEntendiendo que como asociaci\u00f3n civil somos representantes de nuestra comunidad, y que por ende tenemos la responsabilidad de ser un portavoz eficiente y un interlocutor de propuestas para con las autoridades gubernamentales, presentamos a continuaci\u00f3n una propuesta clara, concisa y espec\u00edfica de lo que vamos a necesitar de ustedes, las autoridades, para poder sobrevivir.<br \/>\nNecesitamos medidas urgentes de apoyo, que sugerimos se den en cuatro bloques: laboral, financiero, fiscal y en materia de ayudas y subvenciones.<br \/>\nMEDIDAS LABORALES<br \/>\n&#8211; Reducci\u00f3n al 50% durante 12 meses de las cuotas obrero-patronales de nuestros empleados y trabajadores en el Seguro Social e INFONAVIT.<br \/>\nMEDIDAS FINANCIERAS<br \/>\n&#8211; L\u00edneas urgentes de cr\u00e9dito y l\u00edneas urgentes de liquidez de hasta 5 millones de pesos, exclusivas para empresas culturales, con tazas de inter\u00e9s no mayores al 3% anual.<br \/>\nMEDIDAS FISCALES<br \/>\n&#8211; Cancelaci\u00f3n inmediata del pago del ISEP (Impuesto Sobre Espect\u00e1culos P\u00fablicos) por un periodo de 24 meses a todos los espect\u00e1culos p\u00fablicos.<br \/>\n&#8211; Condonaci\u00f3n de deudas tributarias a todas las empresas que tengan por objeto social el arte y la cultura hasta por 1 mill\u00f3n de pesos.<br \/>\n&#8211; Cr\u00e9dito fiscal de hasta 1 mill\u00f3n de pesos a todas las empresas que tengan por objeto social el arte y la cultura, y que se encuentren al corriente con sus pagos.<br \/>\n&#8211; Ampliaci\u00f3n de la bolsa de Efiartes a 300 millones de pesos y un cambio urgente,<br \/>\nsolidario y consciente, en los criterios de selecci\u00f3n, que permita el m\u00e1ximo aprovechamiento de dicha bolsa.<br \/>\nAYUDAS Y SUBVENCIONES<br \/>\n&#8211; Ayudas con criterios solidarios y conscientes, para la financiaci\u00f3n de los ECIS (Espacios Culturales Independientes), a trav\u00e9s de apoyos concursables a fondo perdido.<\/p>\n<p>&#8211; Disponer de un mayor presupuesto para la contrataci\u00f3n de espect\u00e1culos y de artistas nacionales.<br \/>\n&#8211; Disponer de un fondo para la compra masiva de boletos que se conviertan en entradas gratuitas disponibles a la poblaci\u00f3n para incentivar el regreso a los teatros y salas.<br \/>\nNosotros como representantes de centros culturales y como miembros de la comunidad de artistas, estamos convencidos de nuestra responsabilidad civil y del rol que jugamos para ayudar a frenar la emergencia sanitaria en la que nos encontramos. Y somos igualmente conscientes del rol que nos tocar\u00e1 jugar para un retorno a la normalidad, una vez que las condiciones sean propicias para hacerlo.<br \/>\nSomos un importante engranaje del tejido social, no solo como proveedores de dispersi\u00f3n y entretenimiento, nuestro trabajo va m\u00e1s all\u00e1 de eso. Contamos historias, movemos consciencias, hacemos las preguntas que nadie m\u00e1s quiere hacer y tocamos los corazones de la gente, al final del d\u00eda, somos proveedores de esperanza.<br \/>\nSeguiremos de cerca las indicaciones del gobierno y reabriremos nuestras puertas cuando sea propicio, con toda la garra y con toda la entrega que nos caracteriza en los momentos de crisis. Una respuesta clara y asertiva de ustedes, nuestras autoridades, respecto a las condiciones que aqu\u00ed planteamos es el ox\u00edgeno que necesitamos para sobrevivir.<br \/>\nReabrir, sin un compromiso de su parte, ser\u00eda el suicidio de todo nuestro sector. Abramos una v\u00eda de di\u00e1logo urgente. Quedamos al pendiente.<br \/>\nRed de Espacios Culturales Independientes Organizados de la CDMX<br \/>\nForo Bellescene Carretera 45 Contigo Am\u00e9rica El 77 Centro Cultural Autogestivo El Albergue del Arte Foro El Cubo El Hormiguero Teatro El Milagro Teatro Bar El Vicio Foro Shakespeare Teatro La Capilla La Teatrer\u00eda La Titer\u00eda Foro Los Arcos Un Teatro Centro Cultural<\/p>\n","protected":false},"excerpt":{"rendered":"<p>Al Presidente de la Rep\u00fablica Andr\u00e9s Manuel L\u00f3pez Obrador A la Secretaria de Cultura Alejandra Fraustro A la Jefa de Gobierno de la CDMX Claudia Sheinmbaum Al Secretario de Cultura de la CDMX Alfonso Su\u00e1rez del Real Al Pte. de la Comisi\u00f3n de Cultura de la C\u00e1mara de Diputados Sergio Mayer A la Pta. de [&hellip;]<\/p>\n","protected":false},"author":4,"featured_media":0,"comment_status":"open","ping_status":"open","sticky":false,"template":"","format":"standard","meta":[],"categories":[6],"tags":[],"_links":{"self":[{"href":"https:\/\/elmilagro.org.mx\/st\/wp-json\/wp\/v2\/posts\/2986"}],"collection":[{"href":"https:\/\/elmilagro.org.mx\/st\/wp-json\/wp\/v2\/posts"}],"about":[{"href":"https:\/\/elmilagro.org.mx\/st\/wp-json\/wp\/v2\/types\/post"}],"author":[{"embeddable":true,"href":"https:\/\/elmilagro.org.mx\/st\/wp-json\/wp\/v2\/users\/4"}],"replies":[{"embeddable":true,"href":"https:\/\/elmilagro.org.mx\/st\/wp-json\/wp\/v2\/comments?post=2986"}],"version-history":[{"count":2,"href":"https:\/\/elmilagro.org.mx\/st\/wp-json\/wp\/v2\/posts\/2986\/revisions"}],"predecessor-version":[{"id":2988,"href":"https:\/\/elmilagro.org.mx\/st\/wp-json\/wp\/v2\/posts\/2986\/revisions\/2988"}],"wp:attachment":[{"href":"https:\/\/elmilagro.org.mx\/st\/wp-json\/wp\/v2\/media?parent=2986"}],"wp:term":[{"taxonomy":"category","embeddable":true,"href":"https:\/\/elmilagro.org.mx\/st\/wp-json\/wp\/v2\/categories?post=2986"},{"taxonomy":"post_tag","embeddable":true,"href":"https:\/\/elmilagro.org.mx\/st\/wp-json\/wp\/v2\/tags?post=2986"}],"curies":[{"name":"wp","href":"https:\/\/api.w.org\/{rel}","templated":true}]}}