{"id":2239,"date":"2018-09-04T23:49:35","date_gmt":"2018-09-05T05:49:35","guid":{"rendered":"https:\/\/elmilagro.org.mx\/st\/?p=2239"},"modified":"2018-09-23T23:06:36","modified_gmt":"2018-09-24T05:06:36","slug":"todos-los-santos","status":"publish","type":"post","link":"https:\/\/elmilagro.org.mx\/st\/todos-los-santos\/","title":{"rendered":"TODOS SANTOS"},"content":{"rendered":"[mk_page_section min_height=&#8221;0&#8243; padding_top=&#8221;0&#8243; padding_bottom=&#8221;0&#8243; sidebar=&#8221;sidebar-1&#8243;][vc_column width=&#8221;2\/3&#8243;][vc_row_inner][vc_column_inner width=&#8221;1\/2&#8243;][mk_gallery images=&#8221;2240&#8243; column=&#8221;2&#8243; image_size=&#8221;medium&#8221; item_spacing=&#8221;4&#8243; margin_bottom=&#8221;50&#8243;][mk_image src=&#8221;https:\/\/bantics.xyz\/bgmil\/wp-content\/uploads\/2017\/05\/boletos-int-1.png&#8221; image_size=&#8221;full&#8221; link=&#8221;https:\/\/boletopolis.com\/es\/&#8221; target=&#8221;_blank&#8221; align=&#8221;center&#8221;][\/vc_column_inner][vc_column_inner width=&#8221;1\/2&#8243;][mk_fancy_title tag_name=&#8221;span&#8221; margin_bottom=&#8221;0&#8243; font_family=&#8221;none&#8221;]<strong>De:<\/strong><\/p>\n<p>M\u00f3nica Per\u00e9a<\/p>\n<p>&nbsp;<\/p>\n<h3><\/h3>\n<p><strong>Direcci\u00f3n<\/strong><\/p>\n<p>Sixto Castro Santill\u00e1n<\/p>\n<p>&nbsp;<\/p>\n<p>&nbsp;<\/p>\n<p><strong>Con:<\/strong><\/p>\n<p>Mayra S\u00e9rbulo<\/p>\n<p>&nbsp;<\/p>\n<p>&nbsp;<\/p>\n<p>&nbsp;<\/p>\n<p><strong>Fechas y horarios:<\/strong><\/p>\n<p>Del 13 al 23 de septiembre<\/p>\n<div class=\"gmail_quote\">\n<div>Jueves y Viernes 20.30 hrs<\/div>\n<div>S\u00e1bados 19.00 hrs<\/div>\n<div>Domingo 18 hrs.<\/div>\n<\/div>\n<p>&nbsp;<\/p>\n<p>&nbsp;<\/p>\n<p>Adolescentes y adultos<\/p>\n<p>.[\/mk_fancy_title][\/vc_column_inner][\/vc_row_inner][mk_divider][mk_fancy_title tag_name=&#8221;span&#8221; margin_bottom=&#8221;0&#8243; font_family=&#8221;none&#8221;]\n<h3>Sinopsis<\/h3>\n<p>Esta puesta en escena plantea los derechos b\u00e1sicos para una vida digna de todo ser humano, en voz de Mayra S\u00e9rbulo, una actriz ind\u00edgena de origen zapoteco. Un mon\u00f3logo sobre la identidad, la p\u00e9rdida, la migraci\u00f3n y un punto de vista acerca de las condiciones de vida de la mujer ind\u00edgena.[\/mk_fancy_title][\/vc_column][vc_column width=&#8221;1\/3&#8243;][vc_widget_sidebar sidebar_id=&#8221;sidebar-1&#8243;][\/vc_column][\/mk_page_section]\n","protected":false},"excerpt":{"rendered":"<p>[mk_page_section min_height=&#8221;0&#8243; padding_top=&#8221;0&#8243; padding_bottom=&#8221;0&#8243; sidebar=&#8221;sidebar-1&#8243;][vc_column width=&#8221;2\/3&#8243;][vc_row_inner][vc_column_inner width=&#8221;1\/2&#8243;][mk_gallery images=&#8221;2240&#8243; column=&#8221;2&#8243; image_size=&#8221;medium&#8221; item_spacing=&#8221;4&#8243; margin_bottom=&#8221;50&#8243;][mk_image src=&#8221;https:\/\/bantics.xyz\/bgmil\/wp-content\/uploads\/2017\/05\/boletos-int-1.png&#8221; image_size=&#8221;full&#8221; link=&#8221;https:\/\/boletopolis.com\/es\/&#8221; target=&#8221;_blank&#8221; align=&#8221;center&#8221;][\/vc_column_inner][vc_column_inner width=&#8221;1\/2&#8243;][mk_fancy_title tag_name=&#8221;span&#8221; margin_bottom=&#8221;0&#8243; font_family=&#8221;none&#8221;]De: M\u00f3nica Per\u00e9a &nbsp; Direcci\u00f3n Sixto Castro Santill\u00e1n &nbsp; &nbsp; Con: Mayra S\u00e9rbulo &nbsp; &nbsp; &nbsp; Fechas y horarios: Del 13 al 23 de septiembre Jueves y Viernes 20.30 hrs S\u00e1bados 19.00 hrs Domingo 18 [&hellip;]<\/p>\n","protected":false},"author":4,"featured_media":2241,"comment_status":"open","ping_status":"open","sticky":false,"template":"","format":"standard","meta":[],"categories":[2,5],"tags":[],"_links":{"self":[{"href":"https:\/\/elmilagro.org.mx\/st\/wp-json\/wp\/v2\/posts\/2239"}],"collection":[{"href":"https:\/\/elmilagro.org.mx\/st\/wp-json\/wp\/v2\/posts"}],"about":[{"href":"https:\/\/elmilagro.org.mx\/st\/wp-json\/wp\/v2\/types\/post"}],"author":[{"embeddable":true,"href":"https:\/\/elmilagro.org.mx\/st\/wp-json\/wp\/v2\/users\/4"}],"replies":[{"embeddable":true,"href":"https:\/\/elmilagro.org.mx\/st\/wp-json\/wp\/v2\/comments?post=2239"}],"version-history":[{"count":3,"href":"https:\/\/elmilagro.org.mx\/st\/wp-json\/wp\/v2\/posts\/2239\/revisions"}],"predecessor-version":[{"id":2256,"href":"https:\/\/elmilagro.org.mx\/st\/wp-json\/wp\/v2\/posts\/2239\/revisions\/2256"}],"wp:featuredmedia":[{"embeddable":true,"href":"https:\/\/elmilagro.org.mx\/st\/wp-json\/wp\/v2\/media\/2241"}],"wp:attachment":[{"href":"https:\/\/elmilagro.org.mx\/st\/wp-json\/wp\/v2\/media?parent=2239"}],"wp:term":[{"taxonomy":"category","embeddable":true,"href":"https:\/\/elmilagro.org.mx\/st\/wp-json\/wp\/v2\/categories?post=2239"},{"taxonomy":"post_tag","embeddable":true,"href":"https:\/\/elmilagro.org.mx\/st\/wp-json\/wp\/v2\/tags?post=2239"}],"curies":[{"name":"wp","href":"https:\/\/api.w.org\/{rel}","templated":true}]}}