{"id":2195,"date":"2018-08-16T19:33:58","date_gmt":"2018-08-17T01:33:58","guid":{"rendered":"https:\/\/elmilagro.org.mx\/st\/?p=2195"},"modified":"2018-09-23T23:06:54","modified_gmt":"2018-09-24T05:06:54","slug":"me-hago-la-muerta-hasta-que-el-oso-se-va","status":"publish","type":"post","link":"https:\/\/elmilagro.org.mx\/st\/me-hago-la-muerta-hasta-que-el-oso-se-va\/","title":{"rendered":"Me hago la muerta hasta que el oso se va"},"content":{"rendered":"[mk_page_section min_height=&#8221;0&#8243; padding_top=&#8221;0&#8243; padding_bottom=&#8221;0&#8243; sidebar=&#8221;sidebar-1&#8243;][vc_column width=&#8221;2\/3&#8243;][vc_row_inner][vc_column_inner width=&#8221;1\/2&#8243;][mk_gallery images=&#8221;2197&#8243; column=&#8221;2&#8243; image_size=&#8221;medium&#8221; item_spacing=&#8221;4&#8243; margin_bottom=&#8221;50&#8243;][mk_image src=&#8221;https:\/\/bantics.xyz\/bgmil\/wp-content\/uploads\/2017\/05\/boletos-int-1.png&#8221; image_size=&#8221;full&#8221; link=&#8221;https:\/\/boletopolis.com\/es\/&#8221; target=&#8221;_blank&#8221; align=&#8221;center&#8221;][\/vc_column_inner][vc_column_inner width=&#8221;1\/2&#8243;][mk_fancy_title tag_name=&#8221;span&#8221; margin_bottom=&#8221;0&#8243; font_family=&#8221;none&#8221;]<strong>Dramaturgia y direcci\u00f3n:<\/strong><\/p>\n<p>Edurne Goded<\/p>\n<p>&nbsp;<\/p>\n<h3><\/h3>\n<p><strong>Elenco<\/strong><\/p>\n<p>Mabel Cadena<\/p>\n<p>Karen Espinosa<\/p>\n<p>Myrna Moguel<\/p>\n<p>Natalia Goded<\/p>\n<p>&nbsp;<\/p>\n<p>&nbsp;<\/p>\n<p><strong>Compa\u00f1\u00eda:<\/strong><\/p>\n<p>Verbo Delta<\/p>\n<p>&nbsp;<\/p>\n<p>&nbsp;<\/p>\n<p>&nbsp;<\/p>\n<p>&nbsp;<\/p>\n<p>&nbsp;<\/p>\n<p>&nbsp;<\/p>\n<h3><\/h3>\n<p><strong>Fechas y horarios:<\/strong><\/p>\n<p>28 de agosto a 19 de septiembre de 2018<\/p>\n<p>Martes y Mi\u00e9rcoles 20:30 hrs<\/p>\n<p>&nbsp;<\/p>\n<p>&nbsp;<\/p>\n<p>&nbsp;<\/p>\n<p>Duraci\u00f3n 70 min.<\/p>\n<p>P\u00fablico en general.<\/p>\n<p>.[\/mk_fancy_title][\/vc_column_inner][\/vc_row_inner][mk_divider][mk_fancy_title tag_name=&#8221;span&#8221; margin_bottom=&#8221;0&#8243; font_family=&#8221;none&#8221;]\n<h3>Sinopsis<\/h3>\n<p><em>ME HAGO LA MUERTA HASTA QUE EL OSO SE VA es una obra de docuficci\u00f3n que explora la problem\u00e1tica de salud mental en mujeres a trav\u00e9s de los ojos de Ofelia (W. Shakespeare), Medea (Eur\u00edpides), Blanche DuBois (T. Williams) y varias mujeres que nos compartieron su testimonio. Entramos en su intimidad, les damos ahora el foco a ellas y <\/em><em>nos muestran su proceso de enfrentarse al desarrollo de una enfermedad mental, as\u00ed como las situaciones que las detonaron.<\/em>[\/mk_fancy_title][\/vc_column][vc_column width=&#8221;1\/3&#8243;][vc_widget_sidebar sidebar_id=&#8221;sidebar-1&#8243;][\/vc_column][\/mk_page_section]\n","protected":false},"excerpt":{"rendered":"<p>[mk_page_section min_height=&#8221;0&#8243; padding_top=&#8221;0&#8243; padding_bottom=&#8221;0&#8243; sidebar=&#8221;sidebar-1&#8243;][vc_column width=&#8221;2\/3&#8243;][vc_row_inner][vc_column_inner width=&#8221;1\/2&#8243;][mk_gallery images=&#8221;2197&#8243; column=&#8221;2&#8243; image_size=&#8221;medium&#8221; item_spacing=&#8221;4&#8243; margin_bottom=&#8221;50&#8243;][mk_image src=&#8221;https:\/\/bantics.xyz\/bgmil\/wp-content\/uploads\/2017\/05\/boletos-int-1.png&#8221; image_size=&#8221;full&#8221; link=&#8221;https:\/\/boletopolis.com\/es\/&#8221; target=&#8221;_blank&#8221; align=&#8221;center&#8221;][\/vc_column_inner][vc_column_inner width=&#8221;1\/2&#8243;][mk_fancy_title tag_name=&#8221;span&#8221; margin_bottom=&#8221;0&#8243; font_family=&#8221;none&#8221;]Dramaturgia y direcci\u00f3n: Edurne Goded &nbsp; Elenco Mabel Cadena Karen Espinosa Myrna Moguel Natalia Goded &nbsp; &nbsp; Compa\u00f1\u00eda: Verbo Delta &nbsp; &nbsp; &nbsp; &nbsp; &nbsp; &nbsp; Fechas y horarios: 28 de agosto a 19 de [&hellip;]<\/p>\n","protected":false},"author":4,"featured_media":2197,"comment_status":"open","ping_status":"open","sticky":false,"template":"","format":"standard","meta":[],"categories":[2,5],"tags":[],"_links":{"self":[{"href":"https:\/\/elmilagro.org.mx\/st\/wp-json\/wp\/v2\/posts\/2195"}],"collection":[{"href":"https:\/\/elmilagro.org.mx\/st\/wp-json\/wp\/v2\/posts"}],"about":[{"href":"https:\/\/elmilagro.org.mx\/st\/wp-json\/wp\/v2\/types\/post"}],"author":[{"embeddable":true,"href":"https:\/\/elmilagro.org.mx\/st\/wp-json\/wp\/v2\/users\/4"}],"replies":[{"embeddable":true,"href":"https:\/\/elmilagro.org.mx\/st\/wp-json\/wp\/v2\/comments?post=2195"}],"version-history":[{"count":3,"href":"https:\/\/elmilagro.org.mx\/st\/wp-json\/wp\/v2\/posts\/2195\/revisions"}],"predecessor-version":[{"id":2219,"href":"https:\/\/elmilagro.org.mx\/st\/wp-json\/wp\/v2\/posts\/2195\/revisions\/2219"}],"wp:featuredmedia":[{"embeddable":true,"href":"https:\/\/elmilagro.org.mx\/st\/wp-json\/wp\/v2\/media\/2197"}],"wp:attachment":[{"href":"https:\/\/elmilagro.org.mx\/st\/wp-json\/wp\/v2\/media?parent=2195"}],"wp:term":[{"taxonomy":"category","embeddable":true,"href":"https:\/\/elmilagro.org.mx\/st\/wp-json\/wp\/v2\/categories?post=2195"},{"taxonomy":"post_tag","embeddable":true,"href":"https:\/\/elmilagro.org.mx\/st\/wp-json\/wp\/v2\/tags?post=2195"}],"curies":[{"name":"wp","href":"https:\/\/api.w.org\/{rel}","templated":true}]}}