{"id":174,"date":"2017-04-21T23:54:16","date_gmt":"2017-04-21T23:54:16","guid":{"rendered":"http:\/\/bantics.xyz\/bgmil\/?p=174"},"modified":"2017-04-21T23:54:16","modified_gmt":"2017-04-21T23:54:16","slug":"mejor-no-contestes-a-partir-del-mundo-de-raymond-carver","status":"publish","type":"post","link":"https:\/\/elmilagro.org.mx\/st\/mejor-no-contestes-a-partir-del-mundo-de-raymond-carver\/","title":{"rendered":"Mejor no contestes. A partir del mundo de Raymond Carver"},"content":{"rendered":"[mk_page_section video_loop=&#8221;false&#8221; min_height=&#8221;0&#8243; padding_top=&#8221;0&#8243; padding_bottom=&#8221;0&#8243; sidebar=&#8221;sidebar-1&#8243;][vc_column width=&#8221;2\/3&#8243;][vc_row_inner][vc_column_inner width=&#8221;1\/2&#8243;][mk_gallery images=&#8221;175,176,177,178,179,180&#8243; column=&#8221;2&#8243; image_size=&#8221;medium&#8221; item_spacing=&#8221;4&#8243; margin_bottom=&#8221;0&#8243;][\/vc_column_inner][vc_column_inner width=&#8221;1\/2&#8243;][mk_fancy_title tag_name=&#8221;span&#8221; margin_bottom=&#8221;0&#8243; font_family=&#8221;none&#8221;]\n<h3>Autor\u00eda:<\/h3>\n<p>Adaptaci\u00f3n de Naolli Eguiarte, Alejandro Garc\u00eda y Emmanuel Varela<\/p>\n<p>&nbsp;<\/p>\n<h3>Direcci\u00f3n:<\/h3>\n<p>Emmanuel Varela y Naolli Eguiarte<\/p>\n<p>&nbsp;<\/p>\n<h3>Elenco:<\/h3>\n<p>Diana Sedano, Ricardo Rodr\u00edguez, Isaac P\u00e9rez Calzada, Natalia Goded y Ramiro Galeana<\/p>\n<p>&nbsp;<\/p>\n<h3>Escenograf\u00eda:<\/h3>\n<p>Espacio esc\u00e9nico de Emmanuel Varela y Naolli Eguiarte<\/p>\n<p>&nbsp;<\/p>\n<h3>Iluminaci\u00f3n:<\/h3>\n<p>Natalia Sedano<\/p>\n<p>&nbsp;<\/p>\n<h3>Fechas y horarios:<\/h3>\n<p>Del 25 de enero al 31 de marzo de 2017.<br \/>\nJueves y viernes 20:30 hrs.[\/mk_fancy_title][\/vc_column_inner][\/vc_row_inner][mk_divider][mk_fancy_title tag_name=&#8221;span&#8221; margin_bottom=&#8221;0&#8243; font_family=&#8221;none&#8221;]\n<h3>Sinopsis:<\/h3>\n<p style=\"text-align: justify;\">A partir de hechos reales que se reconstruyen con la fuerza de la ficci\u00f3n y el misterio de un mundo singular, La Belleza cuenta la historia de Julia Pastrana, una mujer sinaloense nacida en el siglo XIX, con el sindrome de hipertricosis lagunosa. Esta condici\u00f3n la hac\u00eda portadora de rasgos simiescos en el rostro y abundante vello en todo su cuerpo.<\/p>\n<p style=\"text-align: justify;\">En este montaje, a fin de cuentas, se cuestiona el concepto de belleza desde la visi\u00f3n occidental. Muestra c\u00f3mo la fija una mirada externa que impone atributos, par\u00e1metros. Este cuestionamiento pertenece a una antigua discusi\u00f3n de ra\u00edz plat\u00f3nica: \u00bfla belleza es intr\u00ednseca, existe en s\u00ed, o est\u00e1 determinada por un factor exterior? \u00bfRadica en el objeto o sujeto en s\u00ed? \u00bfO habita en la mirada de la persona que observa al mundo y a sus semejantes? En lo raro radica el misterio.<\/p>\n[\/mk_fancy_title][\/vc_column][vc_column width=&#8221;1\/3&#8243;][vc_widget_sidebar sidebar_id=&#8221;sidebar-2&#8243;][\/vc_column][\/mk_page_section]\n","protected":false},"excerpt":{"rendered":"<p>[mk_page_section video_loop=&#8221;false&#8221; min_height=&#8221;0&#8243; padding_top=&#8221;0&#8243; padding_bottom=&#8221;0&#8243; sidebar=&#8221;sidebar-1&#8243;][vc_column width=&#8221;2\/3&#8243;][vc_row_inner][vc_column_inner width=&#8221;1\/2&#8243;][mk_gallery images=&#8221;175,176,177,178,179,180&#8243; column=&#8221;2&#8243; image_size=&#8221;medium&#8221; item_spacing=&#8221;4&#8243; margin_bottom=&#8221;0&#8243;][\/vc_column_inner][vc_column_inner width=&#8221;1\/2&#8243;][mk_fancy_title tag_name=&#8221;span&#8221; margin_bottom=&#8221;0&#8243; font_family=&#8221;none&#8221;] Autor\u00eda: Adaptaci\u00f3n de Naolli Eguiarte, Alejandro Garc\u00eda y Emmanuel Varela &nbsp; Direcci\u00f3n: Emmanuel Varela y Naolli Eguiarte &nbsp; Elenco: Diana Sedano, Ricardo Rodr\u00edguez, Isaac P\u00e9rez Calzada, Natalia Goded y Ramiro Galeana &nbsp; Escenograf\u00eda: Espacio esc\u00e9nico de Emmanuel Varela [&hellip;]<\/p>\n","protected":false},"author":4,"featured_media":177,"comment_status":"open","ping_status":"open","sticky":false,"template":"","format":"standard","meta":[],"categories":[1],"tags":[],"_links":{"self":[{"href":"https:\/\/elmilagro.org.mx\/st\/wp-json\/wp\/v2\/posts\/174"}],"collection":[{"href":"https:\/\/elmilagro.org.mx\/st\/wp-json\/wp\/v2\/posts"}],"about":[{"href":"https:\/\/elmilagro.org.mx\/st\/wp-json\/wp\/v2\/types\/post"}],"author":[{"embeddable":true,"href":"https:\/\/elmilagro.org.mx\/st\/wp-json\/wp\/v2\/users\/4"}],"replies":[{"embeddable":true,"href":"https:\/\/elmilagro.org.mx\/st\/wp-json\/wp\/v2\/comments?post=174"}],"version-history":[{"count":0,"href":"https:\/\/elmilagro.org.mx\/st\/wp-json\/wp\/v2\/posts\/174\/revisions"}],"wp:featuredmedia":[{"embeddable":true,"href":"https:\/\/elmilagro.org.mx\/st\/wp-json\/wp\/v2\/media\/177"}],"wp:attachment":[{"href":"https:\/\/elmilagro.org.mx\/st\/wp-json\/wp\/v2\/media?parent=174"}],"wp:term":[{"taxonomy":"category","embeddable":true,"href":"https:\/\/elmilagro.org.mx\/st\/wp-json\/wp\/v2\/categories?post=174"},{"taxonomy":"post_tag","embeddable":true,"href":"https:\/\/elmilagro.org.mx\/st\/wp-json\/wp\/v2\/tags?post=174"}],"curies":[{"name":"wp","href":"https:\/\/api.w.org\/{rel}","templated":true}]}}