{"id":1110,"date":"2017-09-02T19:59:23","date_gmt":"2017-09-02T19:59:23","guid":{"rendered":"http:\/\/bantics.xyz\/bgmil\/?p=1110"},"modified":"2017-09-02T19:59:23","modified_gmt":"2017-09-02T19:59:23","slug":"la-iliada","status":"publish","type":"post","link":"https:\/\/elmilagro.org.mx\/st\/la-iliada\/","title":{"rendered":"La Iliada"},"content":{"rendered":"[mk_page_section video_loop=&#8221;false&#8221; min_height=&#8221;0&#8243; padding_top=&#8221;0&#8243; padding_bottom=&#8221;0&#8243; sidebar=&#8221;sidebar-1&#8243;][vc_column width=&#8221;2\/3&#8243;][vc_row_inner][vc_column_inner width=&#8221;1\/2&#8243;][mk_gallery images=&#8221;1112,1114,1116,1113,1111,1117&#8243; column=&#8221;2&#8243; image_size=&#8221;medium&#8221; item_spacing=&#8221;4&#8243; margin_bottom=&#8221;50&#8243;][mk_image src=&#8221;https:\/\/bantics.xyz\/bgmil\/wp-content\/uploads\/2017\/05\/boletos-int-1-1.png&#8221; image_size=&#8221;full&#8221; link=&#8221;https:\/\/boletopolis.com\/es\/&#8221; target=&#8221;_blank&#8221; align=&#8221;center&#8221;][\/vc_column_inner][vc_column_inner width=&#8221;1\/2&#8243;][mk_fancy_title tag_name=&#8221;span&#8221; margin_bottom=&#8221;0&#8243; font_family=&#8221;none&#8221;]\n<h3><\/h3>\n<h4>de Alessandro Baricco<\/h4>\n<p>&nbsp;<\/p>\n<h3>Direcci\u00f3n:<\/h3>\n<p>Sergio Zurita<\/p>\n<p>&nbsp;<\/p>\n<h3>Con:<\/h3>\n<p>Mi\u00e9rcoles 18 de mayo<\/p>\n<p>Criseida: Naomy Romo<\/p>\n<p>Tersites: Silverio Palacios<\/p>\n<p>Helena: Sophie Alexander-Katz<\/p>\n<p>&nbsp;<\/p>\n<p>Mi\u00e9rcoles 25 de mayo<\/p>\n<p>P\u00e1ndaro y Eneas: Rodrigo Espinoza y Luis Mora<\/p>\n<p>La nodriza: Laura Almela<\/p>\n<p>N\u00e9stor: Juan Carlos Colombo<\/p>\n<p>&nbsp;<\/p>\n<p>Mi\u00e9rcoles 1 de junio<\/p>\n<p>Aquiles: Daniel Gim\u00e9nez Cacho<\/p>\n<p>Diomedes y Ulises: Andr\u00e9s Montiel y Humberto Sol\u00f3rzano<\/p>\n<p>Patroclo: Diego Luna<\/p>\n<p>&nbsp;<\/p>\n<p>Mi\u00e9rcoles 8 de junio<\/p>\n<p>Jaime L\u00f3pez canta \u201cAdi\u00f3s a los Dioses\u201d<\/p>\n<p>Sarped\u00f3n, Ayante de Telam\u00f3n y H\u00e9ctor: Luis Mora, Rodrigo Espinoza y Andr\u00e9s Montiel<\/p>\n<p>F\u00e9nix: Ram\u00f3n Barrag\u00e1n<\/p>\n<p>&nbsp;<\/p>\n<p>Mi\u00e9rcoles 15 de junio<\/p>\n<p>Ant\u00edloco: Luis Mora<\/p>\n<p>Agamen\u00f3n: Joaqu\u00edn Cos\u00edo<\/p>\n<p>El r\u00edo: Laura Almela<\/p>\n<p>&nbsp;<\/p>\n<p>Mi\u00e9rcoles 22 de junio<\/p>\n<p>Andr\u00f3maca: Leonora Cohen<\/p>\n<p>Pr\u00edamo: Juan Carlos Colombo<\/p>\n<p>Dem\u00f3doco: Jaime L\u00f3pez<\/p>\n<p>&nbsp;<\/p>\n<h3>Iluminaci\u00f3n:<\/h3>\n<p>Gabriel Pascal<\/p>\n<p>&nbsp;<\/p>\n<h3>Traducci\u00f3n:<\/h3>\n<p>Xavier Gonz\u00e1lez Rovira<\/p>\n<p>&nbsp;<\/p>\n<h3>Fechas:<\/h3>\n<p>Lectura p\u00fablica en 6 noches de los 17 cap\u00edtulos de <em>La Il\u00edada<\/em> seg\u00fan Baricco<\/p>\n<p>Mi\u00e9rcoles 18 y 25 de mayo y 1, 8, 15 y 22 de junio a las 20:30 hrs.<\/p>\n<p>&nbsp;<\/p>\n<h3>Estreno:<\/h3>\n<p>18 de mayo de 2011<\/p>\n[\/mk_fancy_title][\/vc_column_inner][\/vc_row_inner][mk_divider][mk_fancy_title tag_name=&#8221;span&#8221; margin_bottom=&#8221;0&#8243; font_family=&#8221;none&#8221;]\n<h3>Sinopsis:<\/h3>\n<p>Diego Luna, Daniel Gim\u00e9nez Cacho, Laura Almela, Joaqu\u00edn Cos\u00edo, Juan Carlos Colombo, Ram\u00f3n Barrag\u00e1n, Silverio Palacios y, entre otros renombrados actores, el cantante Jaime L\u00f3pez, se dar\u00e1n cita en el Teatro El Milagro para leer, durante seis noches, a partir del mi\u00e9rcoles 18 de mayo, <em>Homero, Il\u00edada<\/em>, del afamado escritor italiano Alessandro Baricco.<\/p>\n<p>El autor de novelas tan famosas como <em>Seda, City, Sin sangre<\/em> y <em>Oc\u00e9ano mar<\/em>, libros que han consagrado a Baricco como uno de los grandes escritores italianos de las nuevas generaciones, otorg\u00f3 a El Milagro, en un hecho que nos llena de orgullo, la autorizaci\u00f3n para realizar una lectura p\u00fablica de esa adaptaci\u00f3n de <em>La Il\u00edada<\/em> pues fue concebida a manera de mon\u00f3logos que cuentan, desde la perspectiva de distintos h\u00e9roes y hero\u00ednas en contrapunto, la guerra cuya epopeya dio lugar al nacimiento de la literatura occidental.<\/p>\n<p>Teatro El Milagro presenta en 6 noches esta lectura p\u00fablica de los 17 cap\u00edtulos de <em>La Il\u00edada<\/em>, seg\u00fan Baricco, bajo la direcci\u00f3n de Sergio Zurita, un suceso esc\u00e9nico que se presenta por primera vez en nuestro pa\u00eds para contarle a una nueva generaci\u00f3n la historia de la c\u00f3lera de Aquiles y la soberbia de Agamen\u00f3n, del rapto de Helena y la guerra desencadenada para recuperarla. Cada mi\u00e9rcoles entre el 18 de mayo y el 22 de junio, se leer\u00e1n tres cap\u00edtulos de esa notable adaptaci\u00f3n que hiciera Baricco, tan plena de posibilidades teatrales para recuperar, en tiempos de guerra, un clamor ancestral que nos inunda con su terrible belleza. Como afirma Baricco, \u201cno son estos unos a\u00f1os cualesquiera para leer <em>La<\/em> <em>Il\u00edada<\/em>. O para <em>reescribirla<\/em>, como he tenido ocasi\u00f3n de hacer. Son a\u00f1os de guerra.\u201d El presente invoca el pasado: \u201cLa tierra retumbaba terriblemente bajo los pies de los hombres y los cascos de los caballos. Nos detuvimos cerca del r\u00edo, delante de Troya. \u00c9ramos millares. Incontables como lo son las flores en primavera. Y tan s\u00f3lo ten\u00edamos un deseo: la sangre de la batalla\u201d.<\/p>\n<p>&nbsp;<\/p>\n<p>Los invitamos a o\u00edr <em>La Il\u00edada<\/em> en la voz de algunos de nuestros mejores actores del momento. En esta <em>Il\u00edada<\/em> nuestra, esos personajes extraordinarios saltar\u00e1n de las p\u00e1ginas a las voces de los actores, y de ah\u00ed a los o\u00eddos y los corazones de ustedes. Entonces la cuna de la literatura occidental se volver\u00e1 a mecer como si fuera nueva: los guerreros extraordinarios otra vez poblar\u00e1n la tierra.<\/p>\n[\/mk_fancy_title][\/vc_column][vc_column width=&#8221;1\/3&#8243;][vc_widget_sidebar sidebar_id=&#8221;sidebar-2&#8243;][\/vc_column][\/mk_page_section]\n","protected":false},"excerpt":{"rendered":"<p>[mk_page_section video_loop=&#8221;false&#8221; min_height=&#8221;0&#8243; padding_top=&#8221;0&#8243; padding_bottom=&#8221;0&#8243; sidebar=&#8221;sidebar-1&#8243;][vc_column width=&#8221;2\/3&#8243;][vc_row_inner][vc_column_inner width=&#8221;1\/2&#8243;][mk_gallery images=&#8221;1112,1114,1116,1113,1111,1117&#8243; column=&#8221;2&#8243; image_size=&#8221;medium&#8221; item_spacing=&#8221;4&#8243; margin_bottom=&#8221;50&#8243;][mk_image src=&#8221;https:\/\/bantics.xyz\/bgmil\/wp-content\/uploads\/2017\/05\/boletos-int-1-1.png&#8221; image_size=&#8221;full&#8221; link=&#8221;https:\/\/boletopolis.com\/es\/&#8221; target=&#8221;_blank&#8221; align=&#8221;center&#8221;][\/vc_column_inner][vc_column_inner width=&#8221;1\/2&#8243;][mk_fancy_title tag_name=&#8221;span&#8221; margin_bottom=&#8221;0&#8243; font_family=&#8221;none&#8221;] de Alessandro Baricco &nbsp; Direcci\u00f3n: Sergio Zurita &nbsp; Con: Mi\u00e9rcoles 18 de mayo Criseida: Naomy Romo Tersites: Silverio Palacios Helena: Sophie Alexander-Katz &nbsp; Mi\u00e9rcoles 25 de mayo P\u00e1ndaro y Eneas: Rodrigo Espinoza y [&hellip;]<\/p>\n","protected":false},"author":3,"featured_media":1122,"comment_status":"open","ping_status":"open","sticky":false,"template":"","format":"standard","meta":[],"categories":[3,5,7],"tags":[],"_links":{"self":[{"href":"https:\/\/elmilagro.org.mx\/st\/wp-json\/wp\/v2\/posts\/1110"}],"collection":[{"href":"https:\/\/elmilagro.org.mx\/st\/wp-json\/wp\/v2\/posts"}],"about":[{"href":"https:\/\/elmilagro.org.mx\/st\/wp-json\/wp\/v2\/types\/post"}],"author":[{"embeddable":true,"href":"https:\/\/elmilagro.org.mx\/st\/wp-json\/wp\/v2\/users\/3"}],"replies":[{"embeddable":true,"href":"https:\/\/elmilagro.org.mx\/st\/wp-json\/wp\/v2\/comments?post=1110"}],"version-history":[{"count":0,"href":"https:\/\/elmilagro.org.mx\/st\/wp-json\/wp\/v2\/posts\/1110\/revisions"}],"wp:featuredmedia":[{"embeddable":true,"href":"https:\/\/elmilagro.org.mx\/st\/wp-json\/wp\/v2\/media\/1122"}],"wp:attachment":[{"href":"https:\/\/elmilagro.org.mx\/st\/wp-json\/wp\/v2\/media?parent=1110"}],"wp:term":[{"taxonomy":"category","embeddable":true,"href":"https:\/\/elmilagro.org.mx\/st\/wp-json\/wp\/v2\/categories?post=1110"},{"taxonomy":"post_tag","embeddable":true,"href":"https:\/\/elmilagro.org.mx\/st\/wp-json\/wp\/v2\/tags?post=1110"}],"curies":[{"name":"wp","href":"https:\/\/api.w.org\/{rel}","templated":true}]}}