{"id":7626,"global_id":"elmilagro.org.mx\/st?id=7626","global_id_lineage":["elmilagro.org.mx\/st?id=7626"],"author":"4","status":"publish","date":"2025-06-23 16:41:48","date_utc":"2025-06-23 21:41:48","modified":"2025-06-23 16:41:48","modified_utc":"2025-06-23 21:41:48","url":"https:\/\/elmilagro.org.mx\/st\/funcion\/el-estomago-de-la-ballena\/","rest_url":"https:\/\/elmilagro.org.mx\/st\/wp-json\/tribe\/events\/v1\/events\/7626","title":"El est\u00f3mago de la ballena","description":"<p><img loading=\"lazy\" class=\"alignnone size-medium wp-image-7627\" src=\"https:\/\/elmilagro.org.mx\/st\/wp-content\/uploads\/2025\/06\/whatsapp-image-2025-05-30-at-11.27.07-300x189.jpeg\" alt=\"\" width=\"300\" height=\"189\" srcset=\"https:\/\/elmilagro.org.mx\/st\/wp-content\/uploads\/2025\/06\/whatsapp-image-2025-05-30-at-11.27.07-300x189.jpeg 300w, https:\/\/elmilagro.org.mx\/st\/wp-content\/uploads\/2025\/06\/whatsapp-image-2025-05-30-at-11.27.07-1024x647.jpeg 1024w, https:\/\/elmilagro.org.mx\/st\/wp-content\/uploads\/2025\/06\/whatsapp-image-2025-05-30-at-11.27.07-768x485.jpeg 768w, https:\/\/elmilagro.org.mx\/st\/wp-content\/uploads\/2025\/06\/whatsapp-image-2025-05-30-at-11.27.07.jpeg 1267w\" sizes=\"(max-width: 300px) 100vw, 300px\" \/><\/p>\n<p>&nbsp;<\/p>\n<p><span style=\"font-weight: 400;\">El d\u00eda <\/span><b>16 y 17<\/b> <b>de junio <\/b><span style=\"font-weight: 400;\">del presente a\u00f1o, la compa\u00f1\u00eda <\/span><b>Verbena Esc\u00e9nica<\/b><span style=\"font-weight: 400;\"> se pone de manteles largos ante el estreno de su obra<\/span><b> El Est\u00f3mago de la Ballena,<\/b><span style=\"font-weight: 400;\"> donde a trav\u00e9s del teatro de los sentidos con texturas, luces, sonidos, olores e im\u00e1genes recrearemos el mundo ficticio de la obra, apelando a la idea de c\u00f3mo ser\u00eda estar dentro del est\u00f3mago de una ballena y al mismo tiempo en una isla de pl\u00e1sticos que flotan a la deriva.<\/span><\/p>\n<p><span style=\"font-weight: 400;\">La obra escrita por el dramaturgo espa\u00f1ol <\/span><b>Nani de Juli\u00e1n<\/b><span style=\"font-weight: 400;\"> ha sido ganadora del <\/span><i><span style=\"font-weight: 400;\">premio ASSITEJ en Espa\u00f1a de teatro para la infancia y la juventud (2018)<\/span><\/i><span style=\"font-weight: 400;\">, cuenta la historia la Abuela Carmen, \u00fanica habitante de una isla de pl\u00e1sticos, qui\u00e9n vive preocupada por ayudar a una ballena que tiene el est\u00f3mago lleno de basura y necesita ayuda, todo comienza cuando recibe la visita de su hija que tambi\u00e9n se llama Carmen y su nieta Luc\u00eda, a quien conocer\u00e1 por primera vez fuera de un retrato que le di\u00f3 su hija en el pasado. Carmen hija, recuerda con nostalgia y decepci\u00f3n como su madre le lavaba el pelo con jab\u00f3n mezclado con un poquito de miel, antes de comenzar la lucha contra una enfermedad que est\u00e1 acabando con su memoria, impidiendo as\u00ed, dejar esta vida rodeada de basura. Al mismo tiempo Luc\u00eda trata de convencer a su madre que su abuela Carmen no est\u00e1 enferma, solo es especial, y est\u00e1 dispuesta a demostrarlo ayudando a salvar a la ballena. La madre intenta desesperadamente\u00a0 hacer entender a su hija Luc\u00eda que la ballena es un invento de la abuela Carmen desde que ella era una ni\u00f1a y que es necesario llevarla a un asilo por el bien de la abuela.\u00a0<\/span><\/p>\n<p><span style=\"font-weight: 400;\">Cada personaje tiene una preocupaci\u00f3n aut\u00e9ntica por ayudar, sin embargo, las necesidades de cada una har\u00e1n que la comunicaci\u00f3n de clan no est\u00e9 funcionando. Luc\u00eda por su parte es el personaje que mediar\u00e1 esta relaci\u00f3n entre madre y abuela, demostrando que la inocencia de los hijos es necesaria para dialogar rencores y miedos del pasado. \u00bfLograr\u00e1n ponerse de acuerdo para salvar a la ballena del pl\u00e1stico y al mismo tiempo a la abuela de vivir en un basurero y perder la memoria para siempre?<\/span><\/p>\n<p><span style=\"font-weight: 400;\">El elenco est\u00e1 compuesto por actrices profesionales y docentes, todas egresadas de la Escuela Nacional de Arte Teatral y la Facultad de Filosof\u00eda y Letras de la UNAM, ellas son: Carolina Pimentel, Virginia Mares, Erika S\u00e1nchez D\u00edaz y Georgina Flores. La direcci\u00f3n esc\u00e9nica est\u00e1 a cargo el actor, director y pedagogo Huematzin Rossell,\u00a0 la iluminaci\u00f3n y dise\u00f1o espacial est\u00e1 a cargo del escen\u00f3grafo y artista Aldo Alem\u00e1n, la m\u00fasica y dise\u00f1o sonoro est\u00e1 a cargo del m\u00fasico y compositor Francisco Sol\u00eds, en el equipo de producci\u00f3n est\u00e1 la escen\u00f3grafa Perla Tinoco y Erika S\u00e1nchez, fundadora de Verbena Esc\u00e9nica.<\/span><\/p>\n<p><span style=\"font-weight: 400;\">Esta puesta en escena est\u00e1 creada para p\u00fablicos infantiles, juveniles y es recomendable para toda la familia, se presentar\u00e1 en el Foro El Milagrito, ubicado en calle Mil\u00e1n #24 de la colonia Ju\u00e1rez los d\u00edas lunes 16 y martes 17 de junio del 2025 a las 8 de la noche, el costo del boleto es de $300 pesos y habr\u00e1 descuentos especiales a estudiantes, residentes de la colonia Ju\u00e1rez y adultos que llevan su credencial del INAPAM.<\/span><\/p>\n<p>&nbsp;<\/p>","excerpt":"","slug":"el-estomago-de-la-ballena","image":{"url":"https:\/\/elmilagro.org.mx\/st\/wp-content\/uploads\/2025\/06\/whatsapp-image-2025-05-30-at-11.27.07.jpeg","id":7627,"extension":"jpeg","width":1267,"height":800,"sizes":{"medium":{"width":300,"height":189,"mime-type":"image\/jpeg","width_query":"300","height_query":"300","url":"https:\/\/elmilagro.org.mx\/st\/wp-content\/uploads\/2025\/06\/whatsapp-image-2025-05-30-at-11.27.07-300x189.jpeg"},"large":{"width":1024,"height":647,"mime-type":"image\/jpeg","width_query":"1024","height_query":"1024","url":"https:\/\/elmilagro.org.mx\/st\/wp-content\/uploads\/2025\/06\/whatsapp-image-2025-05-30-at-11.27.07-1024x647.jpeg"},"thumbnail":{"width":150,"height":150,"mime-type":"image\/jpeg","url":"https:\/\/elmilagro.org.mx\/st\/wp-content\/uploads\/2025\/06\/whatsapp-image-2025-05-30-at-11.27.07-150x150.jpeg"},"medium_large":{"width":768,"height":485,"mime-type":"image\/jpeg","url":"https:\/\/elmilagro.org.mx\/st\/wp-content\/uploads\/2025\/06\/whatsapp-image-2025-05-30-at-11.27.07-768x485.jpeg"},"266x266":{"width":266,"height":266,"mime-type":"image\/jpeg","url":"https:\/\/elmilagro.org.mx\/st\/wp-content\/uploads\/2025\/06\/whatsapp-image-2025-05-30-at-11.27.07-266x266.jpeg"},"image-size-150x150":{"width":150,"height":150,"mime-type":"image\/jpeg","width_query":150,"height_query":150,"url":"https:\/\/elmilagro.org.mx\/st\/wp-content\/uploads\/2025\/06\/whatsapp-image-2025-05-30-at-11.27.07-150x150.jpeg"},"600x99999":{"width":600,"height":800,"mime-type":"image\/jpeg","url":"https:\/\/elmilagro.org.mx\/st\/wp-content\/uploads\/2025\/06\/whatsapp-image-2025-05-30-at-11.27.07-600x800.jpeg"}}},"all_day":false,"start_date":"2025-06-17 20:00:00","start_date_details":{"year":"2025","month":"06","day":"17","hour":"20","minutes":"00","seconds":"00"},"end_date":"2025-06-17 21:30:00","end_date_details":{"year":"2025","month":"06","day":"17","hour":"21","minutes":"30","seconds":"00"},"utc_start_date":"2025-06-18 01:00:00","utc_start_date_details":{"year":"2025","month":"06","day":"18","hour":"01","minutes":"00","seconds":"00"},"utc_end_date":"2025-06-18 02:30:00","utc_end_date_details":{"year":"2025","month":"06","day":"18","hour":"02","minutes":"30","seconds":"00"},"timezone":"America\/Mexico_City","timezone_abbr":"CDT","cost":"","cost_details":{"currency_symbol":"","currency_code":"","currency_position":"prefix","values":[]},"website":"","show_map":true,"show_map_link":true,"hide_from_listings":false,"sticky":false,"featured":false,"categories":[],"tags":[],"venue":[],"organizer":[],"json_ld":{"@context":"http:\/\/schema.org","@type":"Event","name":"El est\u00f3mago de la ballena","description":"&lt;p&gt;&nbsp; El d\u00eda 16 y 17 de junio del presente a\u00f1o, la compa\u00f1\u00eda Verbena Esc\u00e9nica se pone de manteles largos ante el estreno de su obra El Est\u00f3mago de la Ballena, donde a trav\u00e9s del teatro de los sentidos con texturas, luces, sonidos, olores e im\u00e1genes recrearemos el mundo ficticio de la obra, apelando a [&hellip;]&lt;\/p&gt;\\n","image":"https:\/\/elmilagro.org.mx\/st\/wp-content\/uploads\/2025\/06\/whatsapp-image-2025-05-30-at-11.27.07.jpeg","url":"https:\/\/elmilagro.org.mx\/st\/funcion\/el-estomago-de-la-ballena\/","startDate":"2025-06-17T20:00:00-05:00","endDate":"2025-06-17T21:30:00-05:00","performer":"Organization"}}