{"id":7608,"global_id":"elmilagro.org.mx\/st?id=7608","global_id_lineage":["elmilagro.org.mx\/st?id=7608"],"author":"4","status":"publish","date":"2025-05-17 17:24:22","date_utc":"2025-05-17 22:24:22","modified":"2025-05-17 17:24:22","modified_utc":"2025-05-17 22:24:22","url":"https:\/\/elmilagro.org.mx\/st\/funcion\/algodon-de-azucar-13\/","rest_url":"https:\/\/elmilagro.org.mx\/st\/wp-json\/tribe\/events\/v1\/events\/7608","title":"Algod\u00f3n de az\u00facar","description":"<p><img loading=\"lazy\" class=\"alignnone size-medium wp-image-7569\" src=\"https:\/\/elmilagro.org.mx\/st\/wp-content\/uploads\/2025\/05\/anun-vinil-35x40-algodon-imp-300x300.jpg\" alt=\"\" width=\"300\" height=\"300\" srcset=\"https:\/\/elmilagro.org.mx\/st\/wp-content\/uploads\/2025\/05\/anun-vinil-35x40-algodon-imp-300x300.jpg 300w, https:\/\/elmilagro.org.mx\/st\/wp-content\/uploads\/2025\/05\/anun-vinil-35x40-algodon-imp-1024x1024.jpg 1024w, https:\/\/elmilagro.org.mx\/st\/wp-content\/uploads\/2025\/05\/anun-vinil-35x40-algodon-imp-scaled-150x150.jpg 150w, https:\/\/elmilagro.org.mx\/st\/wp-content\/uploads\/2025\/05\/anun-vinil-35x40-algodon-imp-1536x1536.jpg 1536w, https:\/\/elmilagro.org.mx\/st\/wp-content\/uploads\/2025\/05\/anun-vinil-35x40-algodon-imp-2048x2048.jpg 2048w\" sizes=\"(max-width: 300px) 100vw, 300px\" \/><\/p>\n<p>&nbsp;<\/p>\n<table>\n<tbody>\n<tr>\n<td><span style=\"font-weight: 400;\">Nombre de la obra:<\/span><\/td>\n<td><span style=\"font-weight: 400;\">Algod\u00f3n de Az\u00facar<\/span><\/td>\n<\/tr>\n<tr>\n<td><span style=\"font-weight: 400;\">Dramaturgia (Idea original):<\/span><\/td>\n<td><span style=\"font-weight: 400;\">Gabriela Ochoa\u00a0<\/span><\/td>\n<\/tr>\n<tr>\n<td><span style=\"font-weight: 400;\">Direcci\u00f3n:<\/span><\/td>\n<td><span style=\"font-weight: 400;\">Gabriela Ochoa\u00a0<\/span><\/td>\n<\/tr>\n<tr>\n<td><span style=\"font-weight: 400;\">Elenco:<\/span><\/td>\n<td><span style=\"font-weight: 400;\">Alejandro Morales\u00a0<\/span><\/p>\n<p><span style=\"font-weight: 400;\">Romina Coccio\u00a0<\/span><\/p>\n<p><span style=\"font-weight: 400;\">Carolina Garibay\u00a0<\/span><\/p>\n<p><span style=\"font-weight: 400;\">Miguel Romero\u00a0<\/span><\/p>\n<p><span style=\"font-weight: 400;\">Francisco Mena\u00a0<\/span><\/p>\n<p><span style=\"font-weight: 400;\">Mu\u0301sico esce\u0301nico \/ actor Misha Marks<\/span><span style=\"font-weight: 400;\">\u00a0<\/span><\/td>\n<\/tr>\n<tr>\n<td><span style=\"font-weight: 400;\">Producci\u00f3n:\u00a0<\/span><\/td>\n<td><span style=\"font-weight: 400;\">Conejillos de Indias \/ Sempiterno Theatrum\u00a0<\/span><\/td>\n<\/tr>\n<tr>\n<td><span style=\"font-weight: 400;\">G\u00e9nero:<\/span><\/td>\n<td><span style=\"font-weight: 400;\">Drama<\/span><\/td>\n<\/tr>\n<tr>\n<td><span style=\"font-weight: 400;\">Temporada:<\/span><\/td>\n<td><span style=\"font-weight: 400;\">del viernes 13 de junio al 6 de julio (mi\u00e9rcoles 2 de julio 20h)<\/span><\/td>\n<\/tr>\n<tr>\n<td><span style=\"font-weight: 400;\">Horarios:<\/span><\/td>\n<td><span style=\"font-weight: 400;\">\u00a0Jueves y viernes 20:00 horas, s\u00e1bados 19:00 horas y domingos 18:00 horas.<\/span><\/td>\n<\/tr>\n<tr>\n<td><span style=\"font-weight: 400;\">Teatro:<\/span><\/td>\n<td><span style=\"font-weight: 400;\">El Milagro<\/span><\/td>\n<\/tr>\n<tr>\n<td><span style=\"font-weight: 400;\">Costo de boleto:<\/span><\/td>\n<td><span style=\"font-weight: 400;\">$350.00<\/span><\/td>\n<\/tr>\n<tr>\n<td><span style=\"font-weight: 400;\">Clasificaci\u00f3n:<\/span><\/td>\n<td><span style=\"font-weight: 400;\">+15<\/span><\/td>\n<\/tr>\n<tr>\n<td><span style=\"font-weight: 400;\">Duraci\u00f3n:<\/span><\/td>\n<td><span style=\"font-weight: 400;\">75 min<\/span><\/td>\n<\/tr>\n<tr>\n<td><span style=\"font-weight: 400;\">Breve sinopsis:<\/span><\/td>\n<td><span style=\"font-weight: 400;\">Un hombre se encuentra con tres payasos que lo invitan a recorrer las atracciones de una feria abandonada. En su trayecto, ira\u0301 reviviendo episodios de su infancia, trastocados de manera delirante, en un espacio perdido entre el suen\u0303o y la memoria. Enfrentar el recuerdo de un trauma olvidado sera\u0301 la clave que lo ayudara\u0301 a escapar de la pesadilla.\u00a0<\/span><\/td>\n<\/tr>\n<\/tbody>\n<\/table>\n<p>&nbsp;<\/p>","excerpt":"","slug":"algodon-de-azucar-13","image":{"url":"https:\/\/elmilagro.org.mx\/st\/wp-content\/uploads\/2025\/05\/banner-2550x1650-algodon-scaled.jpg","id":7568,"extension":"jpg","width":2560,"height":2560,"sizes":{"medium":{"width":300,"height":300,"mime-type":"image\/jpeg","url":"https:\/\/elmilagro.org.mx\/st\/wp-content\/uploads\/2025\/05\/banner-2550x1650-algodon-300x300.jpg"},"large":{"width":1024,"height":1024,"mime-type":"image\/jpeg","url":"https:\/\/elmilagro.org.mx\/st\/wp-content\/uploads\/2025\/05\/banner-2550x1650-algodon-1024x1024.jpg"},"thumbnail":{"width":150,"height":150,"mime-type":"image\/jpeg","url":"https:\/\/elmilagro.org.mx\/st\/wp-content\/uploads\/2025\/05\/banner-2550x1650-algodon-150x150.jpg"},"medium_large":{"width":768,"height":496,"mime-type":"image\/jpeg","url":"https:\/\/elmilagro.org.mx\/st\/wp-content\/uploads\/2025\/05\/banner-2550x1650-algodon-768x496.jpg"},"1536x1536":{"width":1536,"height":1536,"mime-type":"image\/jpeg","url":"https:\/\/elmilagro.org.mx\/st\/wp-content\/uploads\/2025\/05\/banner-2550x1650-algodon-1536x1536.jpg"},"2048x2048":{"width":2048,"height":2048,"mime-type":"image\/jpeg","url":"https:\/\/elmilagro.org.mx\/st\/wp-content\/uploads\/2025\/05\/banner-2550x1650-algodon-2048x2048.jpg"},"266x266":{"width":266,"height":266,"mime-type":"image\/jpeg","url":"https:\/\/elmilagro.org.mx\/st\/wp-content\/uploads\/2025\/05\/banner-2550x1650-algodon-scaled-266x266.jpg"},"image-size-150x150":{"width":150,"height":150,"mime-type":"image\/jpeg","width_query":150,"height_query":150,"url":"https:\/\/elmilagro.org.mx\/st\/wp-content\/uploads\/2025\/05\/banner-2550x1650-algodon-scaled-150x150.jpg"},"600x99999":{"width":600,"height":2560,"mime-type":"image\/jpeg","url":"https:\/\/elmilagro.org.mx\/st\/wp-content\/uploads\/2025\/05\/banner-2550x1650-algodon-scaled-600x2560.jpg"}},"original_image":"banner-2550x1650-algodon.jpg"},"all_day":false,"start_date":"2025-07-03 20:00:00","start_date_details":{"year":"2025","month":"07","day":"03","hour":"20","minutes":"00","seconds":"00"},"end_date":"2025-07-03 21:30:00","end_date_details":{"year":"2025","month":"07","day":"03","hour":"21","minutes":"30","seconds":"00"},"utc_start_date":"2025-07-04 01:00:00","utc_start_date_details":{"year":"2025","month":"07","day":"04","hour":"01","minutes":"00","seconds":"00"},"utc_end_date":"2025-07-04 02:30:00","utc_end_date_details":{"year":"2025","month":"07","day":"04","hour":"02","minutes":"30","seconds":"00"},"timezone":"America\/Mexico_City","timezone_abbr":"CDT","cost":"","cost_details":{"currency_symbol":"","currency_code":"","currency_position":"prefix","values":[]},"website":"","show_map":true,"show_map_link":true,"hide_from_listings":false,"sticky":false,"featured":false,"categories":[{"name":"Funci\u00f3nes","slug":"funciones","term_group":0,"term_taxonomy_id":20,"taxonomy":"tribe_events_cat","description":"Se agrupan las funciones que se presentar\u00e1n en el Teatro","parent":0,"count":597,"filter":"raw","id":20,"urls":{"self":"https:\/\/elmilagro.org.mx\/st\/wp-json\/tribe\/events\/v1\/categories\/20","collection":"https:\/\/elmilagro.org.mx\/st\/wp-json\/tribe\/events\/v1\/categories"}}],"tags":[],"venue":[],"organizer":[],"json_ld":{"@context":"http:\/\/schema.org","@type":"Event","name":"Algod\u00f3n de az\u00facar","description":"&lt;p&gt;&nbsp; Nombre de la obra: Algod\u00f3n de Az\u00facar Dramaturgia (Idea original): Gabriela Ochoa\u00a0 Direcci\u00f3n: Gabriela Ochoa\u00a0 Elenco: Alejandro Morales\u00a0 Romina Coccio\u00a0 Carolina Garibay\u00a0 Miguel Romero\u00a0 Francisco Mena\u00a0 Mu\u0301sico esce\u0301nico \/ actor Misha Marks\u00a0 Producci\u00f3n:\u00a0 Conejillos de Indias \/ Sempiterno Theatrum\u00a0 G\u00e9nero: Drama Temporada: del viernes 13 de junio al 6 de julio (mi\u00e9rcoles 2 de [&hellip;]&lt;\/p&gt;\\n","image":"https:\/\/elmilagro.org.mx\/st\/wp-content\/uploads\/2025\/05\/banner-2550x1650-algodon-scaled.jpg","url":"https:\/\/elmilagro.org.mx\/st\/funcion\/algodon-de-azucar-13\/","startDate":"2025-07-03T20:00:00-05:00","endDate":"2025-07-03T21:30:00-05:00","performer":"Organization"}}