{"id":6663,"global_id":"elmilagro.org.mx\/st?id=6663","global_id_lineage":["elmilagro.org.mx\/st?id=6663"],"author":"4","status":"publish","date":"2024-09-18 02:59:18","date_utc":"2024-09-18 07:59:18","modified":"2024-09-18 02:59:43","modified_utc":"2024-09-18 07:59:43","url":"https:\/\/elmilagro.org.mx\/st\/funcion\/expediente-durango-bitacora-de-viaje-2\/","rest_url":"https:\/\/elmilagro.org.mx\/st\/wp-json\/tribe\/events\/v1\/events\/6663","title":"EXPEDIENTE DURANGO: BIT\u00c1CORA DE VIAJE","description":"<p>Un grupo de artistas se abocaron a realizar viajes paralelos para conversar con familiares de personas privadas de su libertad. En su totalidad, el registro de estas conversaciones configura una protesta en favor del acceso m\u00ednimo a derechos humanos que, por ley, las personas privadas de su libertad deber\u00edan tener. Individualmente, los testimonios son gritos desesperados de madres, furia de quien recientemente logr\u00f3 salir de la reclusi\u00f3n, terror ante la desinformaci\u00f3n y, sobre todo, un testamento de los abusos y ataques a familiares vulnerables a trav\u00e9s de las personas privadas de su libertad.<\/p>\n<p>Nombre de la obra o actividad: Expediente Durango: Bit\u00e1cora de Viaje<\/p>\n<p>Nombre de autor: Colectivo Teatro Desde El Encierro (CTDEE)<\/p>\n<p>Nombre de director: Roberto Zayas<\/p>\n<p>Nombre de la compa\u00f1\u00eda: Colectivo Teatro Desde El Encierro (CTDEE)<\/p>\n<p>Fechas de la temporada: 7, 14, 21 y 28 de octubre.<\/p>\n<p>Duraci\u00f3n: 80 min.<\/p>","excerpt":"","slug":"expediente-durango-bitacora-de-viaje-2","image":{"url":"https:\/\/elmilagro.org.mx\/st\/wp-content\/uploads\/2024\/09\/captura-de-pantalla-2024-09-17-a-las-23.30.20-1.png","id":6648,"extension":"png","width":1582,"height":1782,"sizes":{"medium":{"width":300,"height":300,"mime-type":"image\/png","url":"https:\/\/elmilagro.org.mx\/st\/wp-content\/uploads\/2024\/09\/captura-de-pantalla-2024-09-17-a-las-23.30.20-1-300x300.png"},"large":{"width":1024,"height":1024,"mime-type":"image\/png","url":"https:\/\/elmilagro.org.mx\/st\/wp-content\/uploads\/2024\/09\/captura-de-pantalla-2024-09-17-a-las-23.30.20-1-1024x1024.png"},"thumbnail":{"width":150,"height":150,"mime-type":"image\/png","url":"https:\/\/elmilagro.org.mx\/st\/wp-content\/uploads\/2024\/09\/captura-de-pantalla-2024-09-17-a-las-23.30.20-1-150x150.png"},"medium_large":{"width":768,"height":865,"mime-type":"image\/png","url":"https:\/\/elmilagro.org.mx\/st\/wp-content\/uploads\/2024\/09\/captura-de-pantalla-2024-09-17-a-las-23.30.20-1-768x865.png"},"1536x1536":{"width":1536,"height":1536,"mime-type":"image\/png","url":"https:\/\/elmilagro.org.mx\/st\/wp-content\/uploads\/2024\/09\/captura-de-pantalla-2024-09-17-a-las-23.30.20-1-1536x1536.png"},"2048x2048":{"width":2048,"height":2048,"mime-type":"image\/png","url":"https:\/\/elmilagro.org.mx\/st\/wp-content\/uploads\/2024\/09\/captura-de-pantalla-2024-09-17-a-las-23.30.20-1-2048x2048.png"},"266x266":{"width":266,"height":266,"mime-type":"image\/png","url":"https:\/\/elmilagro.org.mx\/st\/wp-content\/uploads\/2024\/09\/captura-de-pantalla-2024-09-17-a-las-23.30.20-1-266x266.png"},"image-size-150x150":{"width":150,"height":150,"mime-type":"image\/png","width_query":150,"height_query":150,"url":"https:\/\/elmilagro.org.mx\/st\/wp-content\/uploads\/2024\/09\/captura-de-pantalla-2024-09-17-a-las-23.30.20-1-150x150.png"},"600x99999":{"width":600,"height":1782,"mime-type":"image\/png","url":"https:\/\/elmilagro.org.mx\/st\/wp-content\/uploads\/2024\/09\/captura-de-pantalla-2024-09-17-a-las-23.30.20-1-600x1782.png"}}},"all_day":false,"start_date":"2024-10-14 20:00:00","start_date_details":{"year":"2024","month":"10","day":"14","hour":"20","minutes":"00","seconds":"00"},"end_date":"2024-10-14 21:30:00","end_date_details":{"year":"2024","month":"10","day":"14","hour":"21","minutes":"30","seconds":"00"},"utc_start_date":"2024-10-15 01:00:00","utc_start_date_details":{"year":"2024","month":"10","day":"15","hour":"01","minutes":"00","seconds":"00"},"utc_end_date":"2024-10-15 02:30:00","utc_end_date_details":{"year":"2024","month":"10","day":"15","hour":"02","minutes":"30","seconds":"00"},"timezone":"America\/Mexico_City","timezone_abbr":"CDT","cost":"","cost_details":{"currency_symbol":"","currency_code":"","currency_position":"prefix","values":[]},"website":"","show_map":true,"show_map_link":true,"hide_from_listings":false,"sticky":false,"featured":false,"categories":[],"tags":[],"venue":[],"organizer":[],"json_ld":{"@context":"http:\/\/schema.org","@type":"Event","name":"EXPEDIENTE DURANGO: BIT\u00c1CORA DE VIAJE","description":"&lt;p&gt;Un grupo de artistas se abocaron a realizar viajes paralelos para conversar con familiares de personas privadas de su libertad. En su totalidad, el registro de estas conversaciones configura una protesta en favor del acceso m\u00ednimo a derechos humanos que, por ley, las personas privadas de su libertad deber\u00edan tener. Individualmente, los testimonios son gritos [&hellip;]&lt;\/p&gt;\\n","image":"https:\/\/elmilagro.org.mx\/st\/wp-content\/uploads\/2024\/09\/captura-de-pantalla-2024-09-17-a-las-23.30.20-1.png","url":"https:\/\/elmilagro.org.mx\/st\/funcion\/expediente-durango-bitacora-de-viaje-2\/","startDate":"2024-10-14T20:00:00-05:00","endDate":"2024-10-14T21:30:00-05:00","performer":"Organization"}}