{"id":6385,"global_id":"elmilagro.org.mx\/st?id=6385","global_id_lineage":["elmilagro.org.mx\/st?id=6385"],"author":"4","status":"publish","date":"2024-06-18 02:40:58","date_utc":"2024-06-18 07:40:58","modified":"2024-06-18 02:40:58","modified_utc":"2024-06-18 07:40:58","url":"https:\/\/elmilagro.org.mx\/st\/funcion\/el-futuro-segun-kun-2\/","rest_url":"https:\/\/elmilagro.org.mx\/st\/wp-json\/tribe\/events\/v1\/events\/6385","title":"El futuro seg\u00fan Kun","description":"<h3 class=\"shortcode-heading mk-fancy-title  pattern-style align-left \">EL FUTURO SEG\u00daN KUN<\/h3>\n<div class=\"page\" title=\"Page 1\">\n<div class=\"section\">\n<div class=\"layoutArea\">\n<div class=\"column\">\n<p>El futuro seg\u00fan Kun<\/p>\n<p>Kun, un joven de este siglo, no del pasado, nos habla frontalmente, a nosotros, jo\u0301venes y adultos; y expone, a partir de un recorrido veloz por su corta vida, co\u0301mo observa al mundo, lo difi\u0301cil que es comunicarse y la sensacio\u0301n de prisa que lo ahoga y asfixia, cuando parece que hoy se nace sin tiempo y con la consigna generacional de hacer algo de provecho para e\u0301l y el resto del mundo. \u00bfDe quie\u0301n es la culpa?<\/p>\n<p>Autor: Anto\u0301n Araiza.<\/p>\n<p>Director: Gine\u0301s Cruz<\/p>\n<p>Elenco: Gianni Ri\u0301os<\/p>\n<p>Vigencia: Del martes 11 al mi\u00e9rcoles 18 de junio.<\/p>\n<p>Funciones: Martes y mi\u00e9rcoles , 20:00 horas.<\/p>\n<p>Duracio\u0301n: 60 minutos.<\/p>\n<p>Pu\u0301blico al que va dirigido: Adolescentes y adultos.<\/p>\n<\/div>\n<\/div>\n<\/div>\n<\/div>","excerpt":"","slug":"el-futuro-segun-kun-2","image":{"url":"https:\/\/elmilagro.org.mx\/st\/wp-content\/uploads\/2024\/06\/banner-kun.jpeg","id":6297,"extension":"jpeg","width":1600,"height":1035,"sizes":{"medium":{"width":300,"height":194,"mime-type":"image\/jpeg","width_query":"300","height_query":"300","url":"https:\/\/elmilagro.org.mx\/st\/wp-content\/uploads\/2024\/06\/banner-kun-300x194.jpeg"},"large":{"width":1024,"height":662,"mime-type":"image\/jpeg","width_query":"1024","height_query":"1024","url":"https:\/\/elmilagro.org.mx\/st\/wp-content\/uploads\/2024\/06\/banner-kun-1024x662.jpeg"},"thumbnail":{"width":150,"height":150,"mime-type":"image\/jpeg","url":"https:\/\/elmilagro.org.mx\/st\/wp-content\/uploads\/2024\/06\/banner-kun-150x150.jpeg"},"medium_large":{"width":768,"height":497,"mime-type":"image\/jpeg","url":"https:\/\/elmilagro.org.mx\/st\/wp-content\/uploads\/2024\/06\/banner-kun-768x497.jpeg"},"1536x1536":{"width":1536,"height":1536,"mime-type":"image\/jpeg","width_query":1536,"height_query":1536,"url":"https:\/\/elmilagro.org.mx\/st\/wp-content\/uploads\/2024\/06\/banner-kun-1536x1536.jpeg"},"266x266":{"width":266,"height":266,"mime-type":"image\/jpeg","url":"https:\/\/elmilagro.org.mx\/st\/wp-content\/uploads\/2024\/06\/banner-kun-266x266.jpeg"},"image-size-150x150":{"width":150,"height":150,"mime-type":"image\/jpeg","width_query":150,"height_query":150,"url":"https:\/\/elmilagro.org.mx\/st\/wp-content\/uploads\/2024\/06\/banner-kun-150x150.jpeg"},"600x99999":{"width":600,"height":1035,"mime-type":"image\/jpeg","url":"https:\/\/elmilagro.org.mx\/st\/wp-content\/uploads\/2024\/06\/banner-kun-600x1035.jpeg"}}},"all_day":false,"start_date":"2024-06-19 20:00:00","start_date_details":{"year":"2024","month":"06","day":"19","hour":"20","minutes":"00","seconds":"00"},"end_date":"2024-06-19 21:00:00","end_date_details":{"year":"2024","month":"06","day":"19","hour":"21","minutes":"00","seconds":"00"},"utc_start_date":"2024-06-20 01:00:00","utc_start_date_details":{"year":"2024","month":"06","day":"20","hour":"01","minutes":"00","seconds":"00"},"utc_end_date":"2024-06-20 02:00:00","utc_end_date_details":{"year":"2024","month":"06","day":"20","hour":"02","minutes":"00","seconds":"00"},"timezone":"America\/Mexico_City","timezone_abbr":"CDT","cost":"","cost_details":{"currency_symbol":"","currency_code":"","currency_position":"prefix","values":[]},"website":"","show_map":true,"show_map_link":true,"hide_from_listings":false,"sticky":false,"featured":false,"categories":[],"tags":[],"venue":[],"organizer":[],"json_ld":{"@context":"http:\/\/schema.org","@type":"Event","name":"El futuro seg\u00fan Kun","description":"&lt;p&gt;EL FUTURO SEG\u00daN KUN El futuro seg\u00fan Kun Kun, un joven de este siglo, no del pasado, nos habla frontalmente, a nosotros, jo\u0301venes y adultos; y expone, a partir de un recorrido veloz por su corta vida, co\u0301mo observa al mundo, lo difi\u0301cil que es comunicarse y la sensacio\u0301n de prisa que lo ahoga y [&hellip;]&lt;\/p&gt;\\n","image":"https:\/\/elmilagro.org.mx\/st\/wp-content\/uploads\/2024\/06\/banner-kun.jpeg","url":"https:\/\/elmilagro.org.mx\/st\/funcion\/el-futuro-segun-kun-2\/","startDate":"2024-06-19T20:00:00-05:00","endDate":"2024-06-19T21:00:00-05:00","performer":"Organization"}}